{"id":270,"date":"2025-08-22T07:08:36","date_gmt":"2025-08-22T04:08:36","guid":{"rendered":"https:\/\/www.suvibjorkqvist.fi\/?p=270"},"modified":"2025-08-22T07:08:36","modified_gmt":"2025-08-22T04:08:36","slug":"paluu-salille","status":"publish","type":"post","link":"http:\/\/www.suvibjorkqvist.fi\/?p=270","title":{"rendered":"Paluu salille"},"content":{"rendered":"\n<figure class=\"wp-block-image size-large\"><img loading=\"lazy\" decoding=\"async\" width=\"1024\" height=\"1024\" src=\"http:\/\/www.suvibjorkqvist.fi\/wp-content\/uploads\/2025\/08\/IMG_20240715_154036_385-1024x1024.jpg\" alt=\"\" class=\"wp-image-271\" srcset=\"http:\/\/www.suvibjorkqvist.fi\/wp-content\/uploads\/2025\/08\/IMG_20240715_154036_385-1024x1024.jpg 1024w, http:\/\/www.suvibjorkqvist.fi\/wp-content\/uploads\/2025\/08\/IMG_20240715_154036_385-300x300.jpg 300w, http:\/\/www.suvibjorkqvist.fi\/wp-content\/uploads\/2025\/08\/IMG_20240715_154036_385-150x150.jpg 150w, http:\/\/www.suvibjorkqvist.fi\/wp-content\/uploads\/2025\/08\/IMG_20240715_154036_385-768x768.jpg 768w, http:\/\/www.suvibjorkqvist.fi\/wp-content\/uploads\/2025\/08\/IMG_20240715_154036_385-1536x1536.jpg 1536w, http:\/\/www.suvibjorkqvist.fi\/wp-content\/uploads\/2025\/08\/IMG_20240715_154036_385-2048x2048.jpg 2048w, http:\/\/www.suvibjorkqvist.fi\/wp-content\/uploads\/2025\/08\/IMG_20240715_154036_385-1200x1200.jpg 1200w\" sizes=\"auto, (max-width: 709px) 85vw, (max-width: 909px) 67vw, (max-width: 1362px) 62vw, 840px\" \/><\/figure>\n\n\n\n<p>Postauksen saliselfie viime vuodelta. Viimeisten kuukausien aikana yl\u00e4kroppatreenit ja \u201dhabailut\u201d ovat puolestaan olleet kiert\u00e4j\u00e4kalvosinoireyhtym\u00e4n ja -tulehduksen vuoksi j\u00e4iss\u00e4. Nyt on kuitenkin salille paluun osalta valoa tunnelin p\u00e4\u00e4ss\u00e4.<\/p>\n\n\n\n<p>Kirjoitinkin aiemmin, ett\u00e4 \u201dcase olkap\u00e4\u00e4kipu\u201d on edennyt magneettikuvauksen, ortopedin ja kortisonipiikin kautta, ja t\u00e4ll\u00e4 viikolla oli vuorossa fysioterapeutin ohjaus.<\/p>\n\n\n\n<p>Katsoimme my\u00f6s salille tilanteeseeni sopivan ohjelman, jota voin tehd\u00e4 jo aiemmin itselleni tekem\u00e4ni jalkatreenin lis\u00e4ksi. L\u00e4hden nyt etenem\u00e4\u00e4n seuraavanlaisilla liikkeill\u00e4:<\/p>\n\n\n\n<p>Muutosta aiempaan: Soutu taljassa, isometrinen olkavarren ulkokierto ja sis\u00e4kierto.<br>Ennallaan: Jalkapr\u00e4ssi, Polven ojennus laitteessa, Polven koukistus laitteessa, Pohjepr\u00e4ssi, Ojennus selk\u00e4penkiss\u00e4, vatsalaite.<\/p>\n\n\n\n<p>Aiemmasta saliohjelmastani kirjoitin <a href=\"https:\/\/www.suvibjorkqvist.fi\/?p=141\">t\u00e4\u00e4ll\u00e4<\/a>. Toiveikas olo, ett\u00e4 saan pitk\u00e4st\u00e4 aikaa taas salitreenit rullaamaan.<\/p>\n\n\n\n<p><\/p>\n","protected":false},"excerpt":{"rendered":"<p>Postauksen saliselfie viime vuodelta. Viimeisten kuukausien aikana yl\u00e4kroppatreenit ja \u201dhabailut\u201d ovat puolestaan olleet kiert\u00e4j\u00e4kalvosinoireyhtym\u00e4n ja -tulehduksen vuoksi j\u00e4iss\u00e4. Nyt on kuitenkin salille paluun osalta valoa tunnelin p\u00e4\u00e4ss\u00e4. Kirjoitinkin aiemmin, ett\u00e4 \u201dcase olkap\u00e4\u00e4kipu\u201d on edennyt magneettikuvauksen, ortopedin ja kortisonipiikin kautta, ja t\u00e4ll\u00e4 viikolla oli vuorossa fysioterapeutin ohjaus. Katsoimme my\u00f6s salille tilanteeseeni sopivan ohjelman, jota voin tehd\u00e4 &hellip; <a href=\"http:\/\/www.suvibjorkqvist.fi\/?p=270\" class=\"more-link\">Jatka lukemista<span class=\"screen-reader-text\"> &#8221;Paluu salille&#8221;<\/span><\/a><\/p>\n","protected":false},"author":1,"featured_media":0,"comment_status":"open","ping_status":"open","sticky":false,"template":"","format":"standard","meta":{"footnotes":""},"categories":[34,49,33],"tags":[],"class_list":["post-270","post","type-post","status-publish","format-standard","hentry","category-lihaskuntoharjoittelu","category-olkapaakipu","category-salilla"],"yoast_head":"<!-- This site is optimized with the Yoast SEO plugin v27.4 - https:\/\/yoast.com\/product\/yoast-seo-wordpress\/ -->\n<title>Paluu salille -<\/title>\n<meta name=\"robots\" content=\"index, follow, max-snippet:-1, max-image-preview:large, max-video-preview:-1\" \/>\n<link rel=\"canonical\" href=\"http:\/\/www.suvibjorkqvist.fi\/?p=270\" \/>\n<meta property=\"og:locale\" content=\"fi_FI\" \/>\n<meta property=\"og:type\" content=\"article\" \/>\n<meta property=\"og:title\" content=\"Paluu salille -\" \/>\n<meta property=\"og:description\" content=\"Postauksen saliselfie viime vuodelta. Viimeisten kuukausien aikana yl\u00e4kroppatreenit ja \u201dhabailut\u201d ovat puolestaan olleet kiert\u00e4j\u00e4kalvosinoireyhtym\u00e4n ja -tulehduksen vuoksi j\u00e4iss\u00e4. Nyt on kuitenkin salille paluun osalta valoa tunnelin p\u00e4\u00e4ss\u00e4. Kirjoitinkin aiemmin, ett\u00e4 \u201dcase olkap\u00e4\u00e4kipu\u201d on edennyt magneettikuvauksen, ortopedin ja kortisonipiikin kautta, ja t\u00e4ll\u00e4 viikolla oli vuorossa fysioterapeutin ohjaus. Katsoimme my\u00f6s salille tilanteeseeni sopivan ohjelman, jota voin tehd\u00e4 &hellip; Jatka lukemista &quot;Paluu salille&quot;\" \/>\n<meta property=\"og:url\" content=\"http:\/\/www.suvibjorkqvist.fi\/?p=270\" \/>\n<meta property=\"article:published_time\" content=\"2025-08-22T04:08:36+00:00\" \/>\n<meta property=\"og:image\" content=\"http:\/\/www.suvibjorkqvist.fi\/wp-content\/uploads\/2025\/08\/IMG_20240715_154036_385-1024x1024.jpg\" \/>\n<meta name=\"author\" content=\"admin\" \/>\n<meta name=\"twitter:card\" content=\"summary_large_image\" \/>\n<meta name=\"twitter:label1\" content=\"Kirjoittanut\" \/>\n\t<meta name=\"twitter:data1\" content=\"admin\" \/>\n\t<meta name=\"twitter:label2\" content=\"Arvioitu lukuaika\" \/>\n\t<meta name=\"twitter:data2\" content=\"1 minuutti\" \/>\n<script type=\"application\/ld+json\" class=\"yoast-schema-graph\">{\"@context\":\"https:\\\/\\\/schema.org\",\"@graph\":[{\"@type\":\"Article\",\"@id\":\"http:\\\/\\\/www.suvibjorkqvist.fi\\\/?p=270#article\",\"isPartOf\":{\"@id\":\"http:\\\/\\\/www.suvibjorkqvist.fi\\\/?p=270\"},\"author\":{\"name\":\"admin\",\"@id\":\"https:\\\/\\\/www.suvibjorkqvist.fi\\\/#\\\/schema\\\/person\\\/d6488fbfb6bc1f24322092c1330e9bc1\"},\"headline\":\"Paluu salille\",\"datePublished\":\"2025-08-22T04:08:36+00:00\",\"mainEntityOfPage\":{\"@id\":\"http:\\\/\\\/www.suvibjorkqvist.fi\\\/?p=270\"},\"wordCount\":121,\"commentCount\":0,\"image\":{\"@id\":\"http:\\\/\\\/www.suvibjorkqvist.fi\\\/?p=270#primaryimage\"},\"thumbnailUrl\":\"http:\\\/\\\/www.suvibjorkqvist.fi\\\/wp-content\\\/uploads\\\/2025\\\/08\\\/IMG_20240715_154036_385-1024x1024.jpg\",\"articleSection\":[\"Lihaskuntoharjoittelu\",\"Olkap\u00e4\u00e4kipu\",\"Salilla\"],\"inLanguage\":\"fi\",\"potentialAction\":[{\"@type\":\"CommentAction\",\"name\":\"Comment\",\"target\":[\"http:\\\/\\\/www.suvibjorkqvist.fi\\\/?p=270#respond\"]}]},{\"@type\":\"WebPage\",\"@id\":\"http:\\\/\\\/www.suvibjorkqvist.fi\\\/?p=270\",\"url\":\"http:\\\/\\\/www.suvibjorkqvist.fi\\\/?p=270\",\"name\":\"Paluu salille -\",\"isPartOf\":{\"@id\":\"https:\\\/\\\/www.suvibjorkqvist.fi\\\/#website\"},\"primaryImageOfPage\":{\"@id\":\"http:\\\/\\\/www.suvibjorkqvist.fi\\\/?p=270#primaryimage\"},\"image\":{\"@id\":\"http:\\\/\\\/www.suvibjorkqvist.fi\\\/?p=270#primaryimage\"},\"thumbnailUrl\":\"http:\\\/\\\/www.suvibjorkqvist.fi\\\/wp-content\\\/uploads\\\/2025\\\/08\\\/IMG_20240715_154036_385-1024x1024.jpg\",\"datePublished\":\"2025-08-22T04:08:36+00:00\",\"author\":{\"@id\":\"https:\\\/\\\/www.suvibjorkqvist.fi\\\/#\\\/schema\\\/person\\\/d6488fbfb6bc1f24322092c1330e9bc1\"},\"breadcrumb\":{\"@id\":\"http:\\\/\\\/www.suvibjorkqvist.fi\\\/?p=270#breadcrumb\"},\"inLanguage\":\"fi\",\"potentialAction\":[{\"@type\":\"ReadAction\",\"target\":[\"http:\\\/\\\/www.suvibjorkqvist.fi\\\/?p=270\"]}]},{\"@type\":\"ImageObject\",\"inLanguage\":\"fi\",\"@id\":\"http:\\\/\\\/www.suvibjorkqvist.fi\\\/?p=270#primaryimage\",\"url\":\"http:\\\/\\\/www.suvibjorkqvist.fi\\\/wp-content\\\/uploads\\\/2025\\\/08\\\/IMG_20240715_154036_385.jpg\",\"contentUrl\":\"http:\\\/\\\/www.suvibjorkqvist.fi\\\/wp-content\\\/uploads\\\/2025\\\/08\\\/IMG_20240715_154036_385.jpg\",\"width\":2523,\"height\":2523},{\"@type\":\"BreadcrumbList\",\"@id\":\"http:\\\/\\\/www.suvibjorkqvist.fi\\\/?p=270#breadcrumb\",\"itemListElement\":[{\"@type\":\"ListItem\",\"position\":1,\"name\":\"Etusivu\",\"item\":\"https:\\\/\\\/www.suvibjorkqvist.fi\\\/\"},{\"@type\":\"ListItem\",\"position\":2,\"name\":\"Paluu salille\"}]},{\"@type\":\"WebSite\",\"@id\":\"https:\\\/\\\/www.suvibjorkqvist.fi\\\/#website\",\"url\":\"https:\\\/\\\/www.suvibjorkqvist.fi\\\/\",\"name\":\"Suvi B\",\"description\":\"\",\"potentialAction\":[{\"@type\":\"SearchAction\",\"target\":{\"@type\":\"EntryPoint\",\"urlTemplate\":\"https:\\\/\\\/www.suvibjorkqvist.fi\\\/?s={search_term_string}\"},\"query-input\":{\"@type\":\"PropertyValueSpecification\",\"valueRequired\":true,\"valueName\":\"search_term_string\"}}],\"inLanguage\":\"fi\"},{\"@type\":\"Person\",\"@id\":\"https:\\\/\\\/www.suvibjorkqvist.fi\\\/#\\\/schema\\\/person\\\/d6488fbfb6bc1f24322092c1330e9bc1\",\"name\":\"admin\",\"image\":{\"@type\":\"ImageObject\",\"inLanguage\":\"fi\",\"@id\":\"https:\\\/\\\/secure.gravatar.com\\\/avatar\\\/e9de7b9781bac6fb17fa81fb1558ce29073024ed437bf6fe606b087bc6c2d096?s=96&d=blank&r=g\",\"url\":\"https:\\\/\\\/secure.gravatar.com\\\/avatar\\\/e9de7b9781bac6fb17fa81fb1558ce29073024ed437bf6fe606b087bc6c2d096?s=96&d=blank&r=g\",\"contentUrl\":\"https:\\\/\\\/secure.gravatar.com\\\/avatar\\\/e9de7b9781bac6fb17fa81fb1558ce29073024ed437bf6fe606b087bc6c2d096?s=96&d=blank&r=g\",\"caption\":\"admin\"},\"sameAs\":[\"http:\\\/\\\/www.suvibjorkqvist.fi\"],\"url\":\"http:\\\/\\\/www.suvibjorkqvist.fi\\\/?author=1\"}]}<\/script>\n<!-- \/ Yoast SEO plugin. -->","yoast_head_json":{"title":"Paluu salille -","robots":{"index":"index","follow":"follow","max-snippet":"max-snippet:-1","max-image-preview":"max-image-preview:large","max-video-preview":"max-video-preview:-1"},"canonical":"http:\/\/www.suvibjorkqvist.fi\/?p=270","og_locale":"fi_FI","og_type":"article","og_title":"Paluu salille -","og_description":"Postauksen saliselfie viime vuodelta. Viimeisten kuukausien aikana yl\u00e4kroppatreenit ja \u201dhabailut\u201d ovat puolestaan olleet kiert\u00e4j\u00e4kalvosinoireyhtym\u00e4n ja -tulehduksen vuoksi j\u00e4iss\u00e4. Nyt on kuitenkin salille paluun osalta valoa tunnelin p\u00e4\u00e4ss\u00e4. Kirjoitinkin aiemmin, ett\u00e4 \u201dcase olkap\u00e4\u00e4kipu\u201d on edennyt magneettikuvauksen, ortopedin ja kortisonipiikin kautta, ja t\u00e4ll\u00e4 viikolla oli vuorossa fysioterapeutin ohjaus. Katsoimme my\u00f6s salille tilanteeseeni sopivan ohjelman, jota voin tehd\u00e4 &hellip; Jatka lukemista \"Paluu salille\"","og_url":"http:\/\/www.suvibjorkqvist.fi\/?p=270","article_published_time":"2025-08-22T04:08:36+00:00","og_image":[{"url":"http:\/\/www.suvibjorkqvist.fi\/wp-content\/uploads\/2025\/08\/IMG_20240715_154036_385-1024x1024.jpg","type":"","width":"","height":""}],"author":"admin","twitter_card":"summary_large_image","twitter_misc":{"Kirjoittanut":"admin","Arvioitu lukuaika":"1 minuutti"},"schema":{"@context":"https:\/\/schema.org","@graph":[{"@type":"Article","@id":"http:\/\/www.suvibjorkqvist.fi\/?p=270#article","isPartOf":{"@id":"http:\/\/www.suvibjorkqvist.fi\/?p=270"},"author":{"name":"admin","@id":"https:\/\/www.suvibjorkqvist.fi\/#\/schema\/person\/d6488fbfb6bc1f24322092c1330e9bc1"},"headline":"Paluu salille","datePublished":"2025-08-22T04:08:36+00:00","mainEntityOfPage":{"@id":"http:\/\/www.suvibjorkqvist.fi\/?p=270"},"wordCount":121,"commentCount":0,"image":{"@id":"http:\/\/www.suvibjorkqvist.fi\/?p=270#primaryimage"},"thumbnailUrl":"http:\/\/www.suvibjorkqvist.fi\/wp-content\/uploads\/2025\/08\/IMG_20240715_154036_385-1024x1024.jpg","articleSection":["Lihaskuntoharjoittelu","Olkap\u00e4\u00e4kipu","Salilla"],"inLanguage":"fi","potentialAction":[{"@type":"CommentAction","name":"Comment","target":["http:\/\/www.suvibjorkqvist.fi\/?p=270#respond"]}]},{"@type":"WebPage","@id":"http:\/\/www.suvibjorkqvist.fi\/?p=270","url":"http:\/\/www.suvibjorkqvist.fi\/?p=270","name":"Paluu salille -","isPartOf":{"@id":"https:\/\/www.suvibjorkqvist.fi\/#website"},"primaryImageOfPage":{"@id":"http:\/\/www.suvibjorkqvist.fi\/?p=270#primaryimage"},"image":{"@id":"http:\/\/www.suvibjorkqvist.fi\/?p=270#primaryimage"},"thumbnailUrl":"http:\/\/www.suvibjorkqvist.fi\/wp-content\/uploads\/2025\/08\/IMG_20240715_154036_385-1024x1024.jpg","datePublished":"2025-08-22T04:08:36+00:00","author":{"@id":"https:\/\/www.suvibjorkqvist.fi\/#\/schema\/person\/d6488fbfb6bc1f24322092c1330e9bc1"},"breadcrumb":{"@id":"http:\/\/www.suvibjorkqvist.fi\/?p=270#breadcrumb"},"inLanguage":"fi","potentialAction":[{"@type":"ReadAction","target":["http:\/\/www.suvibjorkqvist.fi\/?p=270"]}]},{"@type":"ImageObject","inLanguage":"fi","@id":"http:\/\/www.suvibjorkqvist.fi\/?p=270#primaryimage","url":"http:\/\/www.suvibjorkqvist.fi\/wp-content\/uploads\/2025\/08\/IMG_20240715_154036_385.jpg","contentUrl":"http:\/\/www.suvibjorkqvist.fi\/wp-content\/uploads\/2025\/08\/IMG_20240715_154036_385.jpg","width":2523,"height":2523},{"@type":"BreadcrumbList","@id":"http:\/\/www.suvibjorkqvist.fi\/?p=270#breadcrumb","itemListElement":[{"@type":"ListItem","position":1,"name":"Etusivu","item":"https:\/\/www.suvibjorkqvist.fi\/"},{"@type":"ListItem","position":2,"name":"Paluu salille"}]},{"@type":"WebSite","@id":"https:\/\/www.suvibjorkqvist.fi\/#website","url":"https:\/\/www.suvibjorkqvist.fi\/","name":"Suvi B","description":"","potentialAction":[{"@type":"SearchAction","target":{"@type":"EntryPoint","urlTemplate":"https:\/\/www.suvibjorkqvist.fi\/?s={search_term_string}"},"query-input":{"@type":"PropertyValueSpecification","valueRequired":true,"valueName":"search_term_string"}}],"inLanguage":"fi"},{"@type":"Person","@id":"https:\/\/www.suvibjorkqvist.fi\/#\/schema\/person\/d6488fbfb6bc1f24322092c1330e9bc1","name":"admin","image":{"@type":"ImageObject","inLanguage":"fi","@id":"https:\/\/secure.gravatar.com\/avatar\/e9de7b9781bac6fb17fa81fb1558ce29073024ed437bf6fe606b087bc6c2d096?s=96&d=blank&r=g","url":"https:\/\/secure.gravatar.com\/avatar\/e9de7b9781bac6fb17fa81fb1558ce29073024ed437bf6fe606b087bc6c2d096?s=96&d=blank&r=g","contentUrl":"https:\/\/secure.gravatar.com\/avatar\/e9de7b9781bac6fb17fa81fb1558ce29073024ed437bf6fe606b087bc6c2d096?s=96&d=blank&r=g","caption":"admin"},"sameAs":["http:\/\/www.suvibjorkqvist.fi"],"url":"http:\/\/www.suvibjorkqvist.fi\/?author=1"}]}},"_links":{"self":[{"href":"http:\/\/www.suvibjorkqvist.fi\/index.php?rest_route=\/wp\/v2\/posts\/270","targetHints":{"allow":["GET"]}}],"collection":[{"href":"http:\/\/www.suvibjorkqvist.fi\/index.php?rest_route=\/wp\/v2\/posts"}],"about":[{"href":"http:\/\/www.suvibjorkqvist.fi\/index.php?rest_route=\/wp\/v2\/types\/post"}],"author":[{"embeddable":true,"href":"http:\/\/www.suvibjorkqvist.fi\/index.php?rest_route=\/wp\/v2\/users\/1"}],"replies":[{"embeddable":true,"href":"http:\/\/www.suvibjorkqvist.fi\/index.php?rest_route=%2Fwp%2Fv2%2Fcomments&post=270"}],"version-history":[{"count":1,"href":"http:\/\/www.suvibjorkqvist.fi\/index.php?rest_route=\/wp\/v2\/posts\/270\/revisions"}],"predecessor-version":[{"id":272,"href":"http:\/\/www.suvibjorkqvist.fi\/index.php?rest_route=\/wp\/v2\/posts\/270\/revisions\/272"}],"wp:attachment":[{"href":"http:\/\/www.suvibjorkqvist.fi\/index.php?rest_route=%2Fwp%2Fv2%2Fmedia&parent=270"}],"wp:term":[{"taxonomy":"category","embeddable":true,"href":"http:\/\/www.suvibjorkqvist.fi\/index.php?rest_route=%2Fwp%2Fv2%2Fcategories&post=270"},{"taxonomy":"post_tag","embeddable":true,"href":"http:\/\/www.suvibjorkqvist.fi\/index.php?rest_route=%2Fwp%2Fv2%2Ftags&post=270"}],"curies":[{"name":"wp","href":"https:\/\/api.w.org\/{rel}","templated":true}]}}