{"id":303,"date":"2025-09-05T07:22:33","date_gmt":"2025-09-05T04:22:33","guid":{"rendered":"https:\/\/www.suvibjorkqvist.fi\/?p=303"},"modified":"2025-09-05T07:24:05","modified_gmt":"2025-09-05T04:24:05","slug":"kiitollisuuden-hyodyt","status":"publish","type":"post","link":"http:\/\/www.suvibjorkqvist.fi\/?p=303","title":{"rendered":"Kiitollisuuden hy\u00f6dyt"},"content":{"rendered":"\n<figure class=\"wp-block-image size-large\"><img loading=\"lazy\" decoding=\"async\" width=\"1024\" height=\"708\" src=\"https:\/\/www.suvibjorkqvist.fi\/wp-content\/uploads\/2025\/09\/tyohuone-1024x708.jpg\" alt=\"\" class=\"wp-image-304\" srcset=\"http:\/\/www.suvibjorkqvist.fi\/wp-content\/uploads\/2025\/09\/tyohuone-1024x708.jpg 1024w, http:\/\/www.suvibjorkqvist.fi\/wp-content\/uploads\/2025\/09\/tyohuone-300x207.jpg 300w, http:\/\/www.suvibjorkqvist.fi\/wp-content\/uploads\/2025\/09\/tyohuone-768x531.jpg 768w, http:\/\/www.suvibjorkqvist.fi\/wp-content\/uploads\/2025\/09\/tyohuone-1536x1062.jpg 1536w, http:\/\/www.suvibjorkqvist.fi\/wp-content\/uploads\/2025\/09\/tyohuone-2048x1416.jpg 2048w, http:\/\/www.suvibjorkqvist.fi\/wp-content\/uploads\/2025\/09\/tyohuone-1200x830.jpg 1200w\" sizes=\"auto, (max-width: 709px) 85vw, (max-width: 909px) 67vw, (max-width: 1362px) 62vw, 840px\" \/><\/figure>\n\n\n\n<p>Tiesitk\u00f6, ett\u00e4 kiitollisuudella ja kiitollisuusharjoituksilla on paljon hy\u00f6tyj\u00e4?<\/p>\n\n\n\n<ul class=\"wp-block-list\">\n<li>Optimismin ja positiivisten tunteiden lis\u00e4\u00e4ntyminen<\/li>\n<\/ul>\n\n\n\n<ul class=\"wp-block-list\">\n<li>Unen laadun paraneminen<\/li>\n<\/ul>\n\n\n\n<ul class=\"wp-block-list\">\n<li>Huomion suuntautuminen pois ep\u00e4onnistumisista ja pettymyksist\u00e4<\/li>\n<\/ul>\n\n\n\n<ul class=\"wp-block-list\">\n<li>Itsetunnon ja omanarvontunnon vahvistuminen<\/li>\n<\/ul>\n\n\n\n<ul class=\"wp-block-list\">\n<li>Sosiaalisia siteiden vahvistuminen ja ihmissuhteiden parantuminen<\/li>\n<\/ul>\n\n\n\n<ul class=\"wp-block-list\">\n<li>Muihin ihmisiin vertailun v\u00e4heneminen, jolloin my\u00f6s kateus v\u00e4henee<\/li>\n<\/ul>\n\n\n\n<ul class=\"wp-block-list\">\n<li>Negatiivisten tunteiden kuten vihan, katkeruuden ja ahneuden v\u00e4heneminen<\/li>\n<\/ul>\n\n\n\n<ul class=\"wp-block-list\">\n<li>Lis\u00e4\u00e4ntynyt toisten auttaminen<\/li>\n<\/ul>\n\n\n\n<ul class=\"wp-block-list\">\n<li>Huomion suuntautuminen nykyhetkeen<\/li>\n<\/ul>\n\n\n\n<ul class=\"wp-block-list\">\n<li>Kiitollisuustaidot est\u00e4v\u00e4t pit\u00e4m\u00e4st\u00e4 hyvi\u00e4 asioita el\u00e4m\u00e4ss\u00e4 itsest\u00e4\u00e4n selvyyten\u00e4, sek\u00e4 suojaavat stressaavien el\u00e4m\u00e4nkokemusten keskell\u00e4.<\/li>\n<\/ul>\n\n\n\n<p>L\u00e4hde: <a href=\"https:\/\/www.terveyskirjasto.fi\/ont00901\">Kiitollisuus, 2018, Duodecim Terveyskirjasto<\/a><\/p>\n\n\n\n<p><strong>Omia kiitollisuuden aiheitani t\u00e4ll\u00e4 viikolla, t\u00e4ll\u00e4 kertaa t\u00f6iden n\u00e4k\u00f6kulmasta:<\/strong><\/p>\n\n\n\n<p><strong>Kiitollinen<\/strong> <strong>siit\u00e4<\/strong>, ett\u00e4 hallitus ei lis\u00e4leikkauksillaan ajanut koko j\u00e4rjest\u00f6kentt\u00e4\u00e4 lopullisesti alas (vaikkakin pakko todeta, ett\u00e4 aiemmin tehdyt leikkaukset ovat jo ajaneet ja ajavat osan vaikuttavasta toiminasta joka tapauksessa alas, vaikuttaen my\u00f6s omaan ty\u00f6h\u00f6ni ensi vuodesta alkaen).<\/p>\n\n\n\n<p><strong>Kiitollinen<\/strong> <strong>siit\u00e4<\/strong>, ett\u00e4 olemme Toimiva ry:n <a href=\"https:\/\/xn--hky-pla.fi\/\">\u00c4HKY-toiminnassa<\/a> ja <a href=\"https:\/\/versot.toimiva.fi\/\">Versot-hankkeessa <\/a>yhdess\u00e4 luoneet ja kehitt\u00e4neet hienot 10 viikon ryhm\u00e4muodot, jotka kest\u00e4v\u00e4t tarkastelua miss\u00e4 vain. Olipa kyseess\u00e4 traumainformoitu koulutus, mindfulness- tai HOT eli hyv\u00e4ksymis- ja omistautumisterapian koulutus. Tai vaikkapa yliopiston addiktioihin keskittyv\u00e4 koulutus.<\/p>\n\n\n\n<p><strong>Kiitollinen siit\u00e4<\/strong>, ett\u00e4 minulla on nyky\u00e4\u00e4n oma viihtyis\u00e4 ja rauhallinen ty\u00f6huone asuntomme alakerrassa. Postauksen kuva liittyy vahvasti asiaan. <\/p>\n\n\n\n<p><strong>Mitk\u00e4 kolme asiaa sin\u00e4 nostaisit t\u00e4n\u00e4\u00e4n kiitollisuuden aiheiksi?<\/strong> Aiheet voivat olla pieni\u00e4 tai suuria.<\/p>\n\n\n\n<p><\/p>\n","protected":false},"excerpt":{"rendered":"<p>Tiesitk\u00f6, ett\u00e4 kiitollisuudella ja kiitollisuusharjoituksilla on paljon hy\u00f6tyj\u00e4? L\u00e4hde: Kiitollisuus, 2018, Duodecim Terveyskirjasto Omia kiitollisuuden aiheitani t\u00e4ll\u00e4 viikolla, t\u00e4ll\u00e4 kertaa t\u00f6iden n\u00e4k\u00f6kulmasta: Kiitollinen siit\u00e4, ett\u00e4 hallitus ei lis\u00e4leikkauksillaan ajanut koko j\u00e4rjest\u00f6kentt\u00e4\u00e4 lopullisesti alas (vaikkakin pakko todeta, ett\u00e4 aiemmin tehdyt leikkaukset ovat jo ajaneet ja ajavat osan vaikuttavasta toiminasta joka tapauksessa alas, vaikuttaen my\u00f6s omaan ty\u00f6h\u00f6ni &hellip; <a href=\"http:\/\/www.suvibjorkqvist.fi\/?p=303\" class=\"more-link\">Jatka lukemista<span class=\"screen-reader-text\"> &#8221;Kiitollisuuden hy\u00f6dyt&#8221;<\/span><\/a><\/p>\n","protected":false},"author":1,"featured_media":0,"comment_status":"open","ping_status":"open","sticky":false,"template":"","format":"standard","meta":{"footnotes":""},"categories":[69,46,64],"tags":[],"class_list":["post-303","post","type-post","status-publish","format-standard","hentry","category-kiitollisuus","category-tyo","category-tyohuone"],"yoast_head":"<!-- This site is optimized with the Yoast SEO plugin v27.4 - https:\/\/yoast.com\/product\/yoast-seo-wordpress\/ -->\n<title>Kiitollisuuden hy\u00f6dyt -<\/title>\n<meta name=\"robots\" content=\"index, follow, max-snippet:-1, max-image-preview:large, max-video-preview:-1\" \/>\n<link rel=\"canonical\" href=\"http:\/\/www.suvibjorkqvist.fi\/?p=303\" \/>\n<meta property=\"og:locale\" content=\"fi_FI\" \/>\n<meta property=\"og:type\" content=\"article\" \/>\n<meta property=\"og:title\" content=\"Kiitollisuuden hy\u00f6dyt -\" \/>\n<meta property=\"og:description\" content=\"Tiesitk\u00f6, ett\u00e4 kiitollisuudella ja kiitollisuusharjoituksilla on paljon hy\u00f6tyj\u00e4? L\u00e4hde: Kiitollisuus, 2018, Duodecim Terveyskirjasto Omia kiitollisuuden aiheitani t\u00e4ll\u00e4 viikolla, t\u00e4ll\u00e4 kertaa t\u00f6iden n\u00e4k\u00f6kulmasta: Kiitollinen siit\u00e4, ett\u00e4 hallitus ei lis\u00e4leikkauksillaan ajanut koko j\u00e4rjest\u00f6kentt\u00e4\u00e4 lopullisesti alas (vaikkakin pakko todeta, ett\u00e4 aiemmin tehdyt leikkaukset ovat jo ajaneet ja ajavat osan vaikuttavasta toiminasta joka tapauksessa alas, vaikuttaen my\u00f6s omaan ty\u00f6h\u00f6ni &hellip; Jatka lukemista &quot;Kiitollisuuden hy\u00f6dyt&quot;\" \/>\n<meta property=\"og:url\" content=\"http:\/\/www.suvibjorkqvist.fi\/?p=303\" \/>\n<meta property=\"article:published_time\" content=\"2025-09-05T04:22:33+00:00\" \/>\n<meta property=\"article:modified_time\" content=\"2025-09-05T04:24:05+00:00\" \/>\n<meta property=\"og:image\" content=\"https:\/\/www.suvibjorkqvist.fi\/wp-content\/uploads\/2025\/09\/tyohuone-1024x708.jpg\" \/>\n<meta name=\"author\" content=\"admin\" \/>\n<meta name=\"twitter:card\" content=\"summary_large_image\" \/>\n<meta name=\"twitter:label1\" content=\"Kirjoittanut\" \/>\n\t<meta name=\"twitter:data1\" content=\"admin\" \/>\n\t<meta name=\"twitter:label2\" content=\"Arvioitu lukuaika\" \/>\n\t<meta name=\"twitter:data2\" content=\"2 minuuttia\" \/>\n<script type=\"application\/ld+json\" class=\"yoast-schema-graph\">{\"@context\":\"https:\\\/\\\/schema.org\",\"@graph\":[{\"@type\":\"Article\",\"@id\":\"http:\\\/\\\/www.suvibjorkqvist.fi\\\/?p=303#article\",\"isPartOf\":{\"@id\":\"http:\\\/\\\/www.suvibjorkqvist.fi\\\/?p=303\"},\"author\":{\"name\":\"admin\",\"@id\":\"https:\\\/\\\/www.suvibjorkqvist.fi\\\/#\\\/schema\\\/person\\\/d6488fbfb6bc1f24322092c1330e9bc1\"},\"headline\":\"Kiitollisuuden hy\u00f6dyt\",\"datePublished\":\"2025-09-05T04:22:33+00:00\",\"dateModified\":\"2025-09-05T04:24:05+00:00\",\"mainEntityOfPage\":{\"@id\":\"http:\\\/\\\/www.suvibjorkqvist.fi\\\/?p=303\"},\"wordCount\":229,\"commentCount\":0,\"image\":{\"@id\":\"http:\\\/\\\/www.suvibjorkqvist.fi\\\/?p=303#primaryimage\"},\"thumbnailUrl\":\"https:\\\/\\\/www.suvibjorkqvist.fi\\\/wp-content\\\/uploads\\\/2025\\\/09\\\/tyohuone-1024x708.jpg\",\"articleSection\":[\"Kiitollisuus\",\"Ty\u00f6\",\"Ty\u00f6huone\"],\"inLanguage\":\"fi\",\"potentialAction\":[{\"@type\":\"CommentAction\",\"name\":\"Comment\",\"target\":[\"http:\\\/\\\/www.suvibjorkqvist.fi\\\/?p=303#respond\"]}]},{\"@type\":\"WebPage\",\"@id\":\"http:\\\/\\\/www.suvibjorkqvist.fi\\\/?p=303\",\"url\":\"http:\\\/\\\/www.suvibjorkqvist.fi\\\/?p=303\",\"name\":\"Kiitollisuuden hy\u00f6dyt -\",\"isPartOf\":{\"@id\":\"https:\\\/\\\/www.suvibjorkqvist.fi\\\/#website\"},\"primaryImageOfPage\":{\"@id\":\"http:\\\/\\\/www.suvibjorkqvist.fi\\\/?p=303#primaryimage\"},\"image\":{\"@id\":\"http:\\\/\\\/www.suvibjorkqvist.fi\\\/?p=303#primaryimage\"},\"thumbnailUrl\":\"https:\\\/\\\/www.suvibjorkqvist.fi\\\/wp-content\\\/uploads\\\/2025\\\/09\\\/tyohuone-1024x708.jpg\",\"datePublished\":\"2025-09-05T04:22:33+00:00\",\"dateModified\":\"2025-09-05T04:24:05+00:00\",\"author\":{\"@id\":\"https:\\\/\\\/www.suvibjorkqvist.fi\\\/#\\\/schema\\\/person\\\/d6488fbfb6bc1f24322092c1330e9bc1\"},\"breadcrumb\":{\"@id\":\"http:\\\/\\\/www.suvibjorkqvist.fi\\\/?p=303#breadcrumb\"},\"inLanguage\":\"fi\",\"potentialAction\":[{\"@type\":\"ReadAction\",\"target\":[\"http:\\\/\\\/www.suvibjorkqvist.fi\\\/?p=303\"]}]},{\"@type\":\"ImageObject\",\"inLanguage\":\"fi\",\"@id\":\"http:\\\/\\\/www.suvibjorkqvist.fi\\\/?p=303#primaryimage\",\"url\":\"http:\\\/\\\/www.suvibjorkqvist.fi\\\/wp-content\\\/uploads\\\/2025\\\/09\\\/tyohuone-scaled.jpg\",\"contentUrl\":\"http:\\\/\\\/www.suvibjorkqvist.fi\\\/wp-content\\\/uploads\\\/2025\\\/09\\\/tyohuone-scaled.jpg\",\"width\":2560,\"height\":1771},{\"@type\":\"BreadcrumbList\",\"@id\":\"http:\\\/\\\/www.suvibjorkqvist.fi\\\/?p=303#breadcrumb\",\"itemListElement\":[{\"@type\":\"ListItem\",\"position\":1,\"name\":\"Etusivu\",\"item\":\"https:\\\/\\\/www.suvibjorkqvist.fi\\\/\"},{\"@type\":\"ListItem\",\"position\":2,\"name\":\"Kiitollisuuden hy\u00f6dyt\"}]},{\"@type\":\"WebSite\",\"@id\":\"https:\\\/\\\/www.suvibjorkqvist.fi\\\/#website\",\"url\":\"https:\\\/\\\/www.suvibjorkqvist.fi\\\/\",\"name\":\"Suvi B\",\"description\":\"\",\"potentialAction\":[{\"@type\":\"SearchAction\",\"target\":{\"@type\":\"EntryPoint\",\"urlTemplate\":\"https:\\\/\\\/www.suvibjorkqvist.fi\\\/?s={search_term_string}\"},\"query-input\":{\"@type\":\"PropertyValueSpecification\",\"valueRequired\":true,\"valueName\":\"search_term_string\"}}],\"inLanguage\":\"fi\"},{\"@type\":\"Person\",\"@id\":\"https:\\\/\\\/www.suvibjorkqvist.fi\\\/#\\\/schema\\\/person\\\/d6488fbfb6bc1f24322092c1330e9bc1\",\"name\":\"admin\",\"image\":{\"@type\":\"ImageObject\",\"inLanguage\":\"fi\",\"@id\":\"https:\\\/\\\/secure.gravatar.com\\\/avatar\\\/e9de7b9781bac6fb17fa81fb1558ce29073024ed437bf6fe606b087bc6c2d096?s=96&d=blank&r=g\",\"url\":\"https:\\\/\\\/secure.gravatar.com\\\/avatar\\\/e9de7b9781bac6fb17fa81fb1558ce29073024ed437bf6fe606b087bc6c2d096?s=96&d=blank&r=g\",\"contentUrl\":\"https:\\\/\\\/secure.gravatar.com\\\/avatar\\\/e9de7b9781bac6fb17fa81fb1558ce29073024ed437bf6fe606b087bc6c2d096?s=96&d=blank&r=g\",\"caption\":\"admin\"},\"sameAs\":[\"http:\\\/\\\/www.suvibjorkqvist.fi\"],\"url\":\"http:\\\/\\\/www.suvibjorkqvist.fi\\\/?author=1\"}]}<\/script>\n<!-- \/ Yoast SEO plugin. -->","yoast_head_json":{"title":"Kiitollisuuden hy\u00f6dyt -","robots":{"index":"index","follow":"follow","max-snippet":"max-snippet:-1","max-image-preview":"max-image-preview:large","max-video-preview":"max-video-preview:-1"},"canonical":"http:\/\/www.suvibjorkqvist.fi\/?p=303","og_locale":"fi_FI","og_type":"article","og_title":"Kiitollisuuden hy\u00f6dyt -","og_description":"Tiesitk\u00f6, ett\u00e4 kiitollisuudella ja kiitollisuusharjoituksilla on paljon hy\u00f6tyj\u00e4? L\u00e4hde: Kiitollisuus, 2018, Duodecim Terveyskirjasto Omia kiitollisuuden aiheitani t\u00e4ll\u00e4 viikolla, t\u00e4ll\u00e4 kertaa t\u00f6iden n\u00e4k\u00f6kulmasta: Kiitollinen siit\u00e4, ett\u00e4 hallitus ei lis\u00e4leikkauksillaan ajanut koko j\u00e4rjest\u00f6kentt\u00e4\u00e4 lopullisesti alas (vaikkakin pakko todeta, ett\u00e4 aiemmin tehdyt leikkaukset ovat jo ajaneet ja ajavat osan vaikuttavasta toiminasta joka tapauksessa alas, vaikuttaen my\u00f6s omaan ty\u00f6h\u00f6ni &hellip; Jatka lukemista \"Kiitollisuuden hy\u00f6dyt\"","og_url":"http:\/\/www.suvibjorkqvist.fi\/?p=303","article_published_time":"2025-09-05T04:22:33+00:00","article_modified_time":"2025-09-05T04:24:05+00:00","og_image":[{"url":"https:\/\/www.suvibjorkqvist.fi\/wp-content\/uploads\/2025\/09\/tyohuone-1024x708.jpg","type":"","width":"","height":""}],"author":"admin","twitter_card":"summary_large_image","twitter_misc":{"Kirjoittanut":"admin","Arvioitu lukuaika":"2 minuuttia"},"schema":{"@context":"https:\/\/schema.org","@graph":[{"@type":"Article","@id":"http:\/\/www.suvibjorkqvist.fi\/?p=303#article","isPartOf":{"@id":"http:\/\/www.suvibjorkqvist.fi\/?p=303"},"author":{"name":"admin","@id":"https:\/\/www.suvibjorkqvist.fi\/#\/schema\/person\/d6488fbfb6bc1f24322092c1330e9bc1"},"headline":"Kiitollisuuden hy\u00f6dyt","datePublished":"2025-09-05T04:22:33+00:00","dateModified":"2025-09-05T04:24:05+00:00","mainEntityOfPage":{"@id":"http:\/\/www.suvibjorkqvist.fi\/?p=303"},"wordCount":229,"commentCount":0,"image":{"@id":"http:\/\/www.suvibjorkqvist.fi\/?p=303#primaryimage"},"thumbnailUrl":"https:\/\/www.suvibjorkqvist.fi\/wp-content\/uploads\/2025\/09\/tyohuone-1024x708.jpg","articleSection":["Kiitollisuus","Ty\u00f6","Ty\u00f6huone"],"inLanguage":"fi","potentialAction":[{"@type":"CommentAction","name":"Comment","target":["http:\/\/www.suvibjorkqvist.fi\/?p=303#respond"]}]},{"@type":"WebPage","@id":"http:\/\/www.suvibjorkqvist.fi\/?p=303","url":"http:\/\/www.suvibjorkqvist.fi\/?p=303","name":"Kiitollisuuden hy\u00f6dyt -","isPartOf":{"@id":"https:\/\/www.suvibjorkqvist.fi\/#website"},"primaryImageOfPage":{"@id":"http:\/\/www.suvibjorkqvist.fi\/?p=303#primaryimage"},"image":{"@id":"http:\/\/www.suvibjorkqvist.fi\/?p=303#primaryimage"},"thumbnailUrl":"https:\/\/www.suvibjorkqvist.fi\/wp-content\/uploads\/2025\/09\/tyohuone-1024x708.jpg","datePublished":"2025-09-05T04:22:33+00:00","dateModified":"2025-09-05T04:24:05+00:00","author":{"@id":"https:\/\/www.suvibjorkqvist.fi\/#\/schema\/person\/d6488fbfb6bc1f24322092c1330e9bc1"},"breadcrumb":{"@id":"http:\/\/www.suvibjorkqvist.fi\/?p=303#breadcrumb"},"inLanguage":"fi","potentialAction":[{"@type":"ReadAction","target":["http:\/\/www.suvibjorkqvist.fi\/?p=303"]}]},{"@type":"ImageObject","inLanguage":"fi","@id":"http:\/\/www.suvibjorkqvist.fi\/?p=303#primaryimage","url":"http:\/\/www.suvibjorkqvist.fi\/wp-content\/uploads\/2025\/09\/tyohuone-scaled.jpg","contentUrl":"http:\/\/www.suvibjorkqvist.fi\/wp-content\/uploads\/2025\/09\/tyohuone-scaled.jpg","width":2560,"height":1771},{"@type":"BreadcrumbList","@id":"http:\/\/www.suvibjorkqvist.fi\/?p=303#breadcrumb","itemListElement":[{"@type":"ListItem","position":1,"name":"Etusivu","item":"https:\/\/www.suvibjorkqvist.fi\/"},{"@type":"ListItem","position":2,"name":"Kiitollisuuden hy\u00f6dyt"}]},{"@type":"WebSite","@id":"https:\/\/www.suvibjorkqvist.fi\/#website","url":"https:\/\/www.suvibjorkqvist.fi\/","name":"Suvi B","description":"","potentialAction":[{"@type":"SearchAction","target":{"@type":"EntryPoint","urlTemplate":"https:\/\/www.suvibjorkqvist.fi\/?s={search_term_string}"},"query-input":{"@type":"PropertyValueSpecification","valueRequired":true,"valueName":"search_term_string"}}],"inLanguage":"fi"},{"@type":"Person","@id":"https:\/\/www.suvibjorkqvist.fi\/#\/schema\/person\/d6488fbfb6bc1f24322092c1330e9bc1","name":"admin","image":{"@type":"ImageObject","inLanguage":"fi","@id":"https:\/\/secure.gravatar.com\/avatar\/e9de7b9781bac6fb17fa81fb1558ce29073024ed437bf6fe606b087bc6c2d096?s=96&d=blank&r=g","url":"https:\/\/secure.gravatar.com\/avatar\/e9de7b9781bac6fb17fa81fb1558ce29073024ed437bf6fe606b087bc6c2d096?s=96&d=blank&r=g","contentUrl":"https:\/\/secure.gravatar.com\/avatar\/e9de7b9781bac6fb17fa81fb1558ce29073024ed437bf6fe606b087bc6c2d096?s=96&d=blank&r=g","caption":"admin"},"sameAs":["http:\/\/www.suvibjorkqvist.fi"],"url":"http:\/\/www.suvibjorkqvist.fi\/?author=1"}]}},"_links":{"self":[{"href":"http:\/\/www.suvibjorkqvist.fi\/index.php?rest_route=\/wp\/v2\/posts\/303","targetHints":{"allow":["GET"]}}],"collection":[{"href":"http:\/\/www.suvibjorkqvist.fi\/index.php?rest_route=\/wp\/v2\/posts"}],"about":[{"href":"http:\/\/www.suvibjorkqvist.fi\/index.php?rest_route=\/wp\/v2\/types\/post"}],"author":[{"embeddable":true,"href":"http:\/\/www.suvibjorkqvist.fi\/index.php?rest_route=\/wp\/v2\/users\/1"}],"replies":[{"embeddable":true,"href":"http:\/\/www.suvibjorkqvist.fi\/index.php?rest_route=%2Fwp%2Fv2%2Fcomments&post=303"}],"version-history":[{"count":2,"href":"http:\/\/www.suvibjorkqvist.fi\/index.php?rest_route=\/wp\/v2\/posts\/303\/revisions"}],"predecessor-version":[{"id":306,"href":"http:\/\/www.suvibjorkqvist.fi\/index.php?rest_route=\/wp\/v2\/posts\/303\/revisions\/306"}],"wp:attachment":[{"href":"http:\/\/www.suvibjorkqvist.fi\/index.php?rest_route=%2Fwp%2Fv2%2Fmedia&parent=303"}],"wp:term":[{"taxonomy":"category","embeddable":true,"href":"http:\/\/www.suvibjorkqvist.fi\/index.php?rest_route=%2Fwp%2Fv2%2Fcategories&post=303"},{"taxonomy":"post_tag","embeddable":true,"href":"http:\/\/www.suvibjorkqvist.fi\/index.php?rest_route=%2Fwp%2Fv2%2Ftags&post=303"}],"curies":[{"name":"wp","href":"https:\/\/api.w.org\/{rel}","templated":true}]}}