{"id":390,"date":"2025-10-29T05:58:56","date_gmt":"2025-10-29T03:58:56","guid":{"rendered":"https:\/\/www.suvibjorkqvist.fi\/?p=390"},"modified":"2025-10-29T08:47:59","modified_gmt":"2025-10-29T06:47:59","slug":"katse-syksyssa-ja-vahan-jo-ensi-vuodessakin","status":"publish","type":"post","link":"http:\/\/www.suvibjorkqvist.fi\/?p=390","title":{"rendered":"Katse syksyss\u00e4, ja v\u00e4h\u00e4n jo ensi vuodessakin"},"content":{"rendered":"\n<figure class=\"wp-block-image size-large\"><img loading=\"lazy\" decoding=\"async\" width=\"1024\" height=\"1024\" src=\"https:\/\/www.suvibjorkqvist.fi\/wp-content\/uploads\/2025\/10\/Syksy1-1024x1024.webp\" alt=\"\" class=\"wp-image-391\" srcset=\"http:\/\/www.suvibjorkqvist.fi\/wp-content\/uploads\/2025\/10\/Syksy1-1024x1024.webp 1024w, http:\/\/www.suvibjorkqvist.fi\/wp-content\/uploads\/2025\/10\/Syksy1-300x300.webp 300w, http:\/\/www.suvibjorkqvist.fi\/wp-content\/uploads\/2025\/10\/Syksy1-150x150.webp 150w, http:\/\/www.suvibjorkqvist.fi\/wp-content\/uploads\/2025\/10\/Syksy1-768x768.webp 768w, http:\/\/www.suvibjorkqvist.fi\/wp-content\/uploads\/2025\/10\/Syksy1-1200x1200.webp 1200w, http:\/\/www.suvibjorkqvist.fi\/wp-content\/uploads\/2025\/10\/Syksy1.webp 1440w\" sizes=\"auto, (max-width: 709px) 85vw, (max-width: 909px) 67vw, (max-width: 1362px) 62vw, 840px\" \/><\/figure>\n\n\n\n<figure class=\"wp-block-image size-large\"><img loading=\"lazy\" decoding=\"async\" width=\"1024\" height=\"1024\" src=\"https:\/\/www.suvibjorkqvist.fi\/wp-content\/uploads\/2025\/10\/Syksy2-1024x1024.webp\" alt=\"\" class=\"wp-image-392\" srcset=\"http:\/\/www.suvibjorkqvist.fi\/wp-content\/uploads\/2025\/10\/Syksy2-1024x1024.webp 1024w, http:\/\/www.suvibjorkqvist.fi\/wp-content\/uploads\/2025\/10\/Syksy2-300x300.webp 300w, http:\/\/www.suvibjorkqvist.fi\/wp-content\/uploads\/2025\/10\/Syksy2-150x150.webp 150w, http:\/\/www.suvibjorkqvist.fi\/wp-content\/uploads\/2025\/10\/Syksy2-768x768.webp 768w, http:\/\/www.suvibjorkqvist.fi\/wp-content\/uploads\/2025\/10\/Syksy2-1200x1200.webp 1200w, http:\/\/www.suvibjorkqvist.fi\/wp-content\/uploads\/2025\/10\/Syksy2.webp 1440w\" sizes=\"auto, (max-width: 709px) 85vw, (max-width: 909px) 67vw, (max-width: 1362px) 62vw, 840px\" \/><\/figure>\n\n\n\n<p>Nopeasti on syksy edennyt lokakuun loppuun. Syys- ja lokakuuhun on mahtunut niin iloja kuin suruja, kuten el\u00e4m\u00e4\u00e4n kuuluu.<\/p>\n\n\n\n<p>T\u00f6iden osalta syksy on sis\u00e4lt\u00e4nyt muun muassa <a href=\"https:\/\/versot.toimiva.fi\/\">Versot-ryhmien<\/a> ohjausta p\u00e4ihdeongelmista k\u00e4rsiville sote-alan ammattilaisille, <a href=\"https:\/\/ahky.fi\/\">\u00c4HKY:n<\/a> luentoja hallitsemattomasta sy\u00f6misest\u00e4 ja ruokariippuvuudesta, tapahtumissa edustamista, yhteisty\u00f6tapaamisia, tiimip\u00e4ivi\u00e4 ja kouluttautumista. Ja kaikkea mit\u00e4 hankety\u00f6h\u00f6n kuuluu.<\/p>\n\n\n\n<figure class=\"wp-block-image size-large\"><img loading=\"lazy\" decoding=\"async\" width=\"768\" height=\"1024\" src=\"https:\/\/www.suvibjorkqvist.fi\/wp-content\/uploads\/2025\/10\/syksy3-768x1024.jpg\" alt=\"\" class=\"wp-image-393\" srcset=\"http:\/\/www.suvibjorkqvist.fi\/wp-content\/uploads\/2025\/10\/syksy3-768x1024.jpg 768w, http:\/\/www.suvibjorkqvist.fi\/wp-content\/uploads\/2025\/10\/syksy3-225x300.jpg 225w, http:\/\/www.suvibjorkqvist.fi\/wp-content\/uploads\/2025\/10\/syksy3-1152x1536.jpg 1152w, http:\/\/www.suvibjorkqvist.fi\/wp-content\/uploads\/2025\/10\/syksy3-1536x2048.jpg 1536w, http:\/\/www.suvibjorkqvist.fi\/wp-content\/uploads\/2025\/10\/syksy3-1200x1600.jpg 1200w, http:\/\/www.suvibjorkqvist.fi\/wp-content\/uploads\/2025\/10\/syksy3-scaled.jpg 1920w\" sizes=\"auto, (max-width: 709px) 85vw, (max-width: 909px) 67vw, (max-width: 984px) 61vw, (max-width: 1362px) 45vw, 600px\" \/><\/figure>\n\n\n\n<p>Ensi vuoden ty\u00f6kuviot ovat suurelta osin viel\u00e4 auki. Uusia rahoitushakemuksia on laitettu ja niit\u00e4 on suunnitteilla, mutta mit\u00e4\u00e4n varmaa ei ole viel\u00e4 mist\u00e4\u00e4n. Muutamakin ihminen on sanonut \u201doot sellainen, ett\u00e4 kyll\u00e4 sin\u00e4 aina jotain keksit\u201d. T\u00e4ytyy muistaa t\u00e4m\u00e4, jos rahoitushakemukset eiv\u00e4t tuota tulosta. Tuu-tikki Muumeista on sanonut:\u00a0\u201dKaikki on hyvin ep\u00e4varmaa, ja juuri se tekee minut levolliseksi.\u201d Menn\u00e4\u00e4n t\u00e4ll\u00e4.<\/p>\n\n\n\n<p>Vapaa-ajan puolella aion osallistua kirjan kirjoittamiskurssille. Ollapa paljon rahaa, niin voisi tehd\u00e4 osa-aikaty\u00f6t\u00e4 ensi vuoden, ja ty\u00f6st\u00e4\u00e4 omaa ihka ensimm\u00e4ist\u00e4 kirjaa intensiivisemmin eteenp\u00e4in. Toki sit\u00e4 voi t\u00f6iden ohellakin tehd\u00e4, onhan t\u00e4ss\u00e4 monia opiskeluitakin vuosien varrella t\u00f6iden rinnalla opiskeltu, mutta mit\u00e4 enemm\u00e4n vapaa-aikaa olisi, niin sen nopeammin kirjaprojektikin etenisi. Pit\u00e4isik\u00f6h\u00e4n alkaa lottoamaan?<\/p>\n","protected":false},"excerpt":{"rendered":"<p>Nopeasti on syksy edennyt lokakuun loppuun. Syys- ja lokakuuhun on mahtunut niin iloja kuin suruja, kuten el\u00e4m\u00e4\u00e4n kuuluu. T\u00f6iden osalta syksy on sis\u00e4lt\u00e4nyt muun muassa Versot-ryhmien ohjausta p\u00e4ihdeongelmista k\u00e4rsiville sote-alan ammattilaisille, \u00c4HKY:n luentoja hallitsemattomasta sy\u00f6misest\u00e4 ja ruokariippuvuudesta, tapahtumissa edustamista, yhteisty\u00f6tapaamisia, tiimip\u00e4ivi\u00e4 ja kouluttautumista. Ja kaikkea mit\u00e4 hankety\u00f6h\u00f6n kuuluu. Ensi vuoden ty\u00f6kuviot ovat suurelta osin viel\u00e4 &hellip; <a href=\"http:\/\/www.suvibjorkqvist.fi\/?p=390\" class=\"more-link\">Jatka lukemista<span class=\"screen-reader-text\"> &#8221;Katse syksyss\u00e4, ja v\u00e4h\u00e4n jo ensi vuodessakin&#8221;<\/span><\/a><\/p>\n","protected":false},"author":1,"featured_media":0,"comment_status":"open","ping_status":"open","sticky":false,"template":"","format":"standard","meta":{"footnotes":""},"categories":[79,78,46],"tags":[],"class_list":["post-390","post","type-post","status-publish","format-standard","hentry","category-kirja","category-kirjaprojekti","category-tyo"],"yoast_head":"<!-- This site is optimized with the Yoast SEO plugin v27.4 - https:\/\/yoast.com\/product\/yoast-seo-wordpress\/ -->\n<title>Katse syksyss\u00e4, ja v\u00e4h\u00e4n jo ensi vuodessakin -<\/title>\n<meta name=\"robots\" content=\"index, follow, max-snippet:-1, max-image-preview:large, max-video-preview:-1\" \/>\n<link rel=\"canonical\" href=\"http:\/\/www.suvibjorkqvist.fi\/?p=390\" \/>\n<meta property=\"og:locale\" content=\"fi_FI\" \/>\n<meta property=\"og:type\" content=\"article\" \/>\n<meta property=\"og:title\" content=\"Katse syksyss\u00e4, ja v\u00e4h\u00e4n jo ensi vuodessakin -\" \/>\n<meta property=\"og:description\" content=\"Nopeasti on syksy edennyt lokakuun loppuun. Syys- ja lokakuuhun on mahtunut niin iloja kuin suruja, kuten el\u00e4m\u00e4\u00e4n kuuluu. T\u00f6iden osalta syksy on sis\u00e4lt\u00e4nyt muun muassa Versot-ryhmien ohjausta p\u00e4ihdeongelmista k\u00e4rsiville sote-alan ammattilaisille, \u00c4HKY:n luentoja hallitsemattomasta sy\u00f6misest\u00e4 ja ruokariippuvuudesta, tapahtumissa edustamista, yhteisty\u00f6tapaamisia, tiimip\u00e4ivi\u00e4 ja kouluttautumista. Ja kaikkea mit\u00e4 hankety\u00f6h\u00f6n kuuluu. Ensi vuoden ty\u00f6kuviot ovat suurelta osin viel\u00e4 &hellip; Jatka lukemista &quot;Katse syksyss\u00e4, ja v\u00e4h\u00e4n jo ensi vuodessakin&quot;\" \/>\n<meta property=\"og:url\" content=\"http:\/\/www.suvibjorkqvist.fi\/?p=390\" \/>\n<meta property=\"article:published_time\" content=\"2025-10-29T03:58:56+00:00\" \/>\n<meta property=\"article:modified_time\" content=\"2025-10-29T06:47:59+00:00\" \/>\n<meta property=\"og:image\" content=\"https:\/\/www.suvibjorkqvist.fi\/wp-content\/uploads\/2025\/10\/Syksy1-1024x1024.webp\" \/>\n<meta name=\"author\" content=\"admin\" \/>\n<meta name=\"twitter:card\" content=\"summary_large_image\" \/>\n<meta name=\"twitter:label1\" content=\"Kirjoittanut\" \/>\n\t<meta name=\"twitter:data1\" content=\"admin\" \/>\n\t<meta name=\"twitter:label2\" content=\"Arvioitu lukuaika\" \/>\n\t<meta name=\"twitter:data2\" content=\"2 minuuttia\" \/>\n<script type=\"application\/ld+json\" class=\"yoast-schema-graph\">{\"@context\":\"https:\\\/\\\/schema.org\",\"@graph\":[{\"@type\":\"Article\",\"@id\":\"http:\\\/\\\/www.suvibjorkqvist.fi\\\/?p=390#article\",\"isPartOf\":{\"@id\":\"http:\\\/\\\/www.suvibjorkqvist.fi\\\/?p=390\"},\"author\":{\"name\":\"admin\",\"@id\":\"https:\\\/\\\/www.suvibjorkqvist.fi\\\/#\\\/schema\\\/person\\\/d6488fbfb6bc1f24322092c1330e9bc1\"},\"headline\":\"Katse syksyss\u00e4, ja v\u00e4h\u00e4n jo ensi vuodessakin\",\"datePublished\":\"2025-10-29T03:58:56+00:00\",\"dateModified\":\"2025-10-29T06:47:59+00:00\",\"mainEntityOfPage\":{\"@id\":\"http:\\\/\\\/www.suvibjorkqvist.fi\\\/?p=390\"},\"wordCount\":200,\"commentCount\":0,\"image\":{\"@id\":\"http:\\\/\\\/www.suvibjorkqvist.fi\\\/?p=390#primaryimage\"},\"thumbnailUrl\":\"https:\\\/\\\/www.suvibjorkqvist.fi\\\/wp-content\\\/uploads\\\/2025\\\/10\\\/Syksy1-1024x1024.webp\",\"articleSection\":[\"Kirja\",\"Kirjaprojekti\",\"Ty\u00f6\"],\"inLanguage\":\"fi\",\"potentialAction\":[{\"@type\":\"CommentAction\",\"name\":\"Comment\",\"target\":[\"http:\\\/\\\/www.suvibjorkqvist.fi\\\/?p=390#respond\"]}]},{\"@type\":\"WebPage\",\"@id\":\"http:\\\/\\\/www.suvibjorkqvist.fi\\\/?p=390\",\"url\":\"http:\\\/\\\/www.suvibjorkqvist.fi\\\/?p=390\",\"name\":\"Katse syksyss\u00e4, ja v\u00e4h\u00e4n jo ensi vuodessakin -\",\"isPartOf\":{\"@id\":\"https:\\\/\\\/www.suvibjorkqvist.fi\\\/#website\"},\"primaryImageOfPage\":{\"@id\":\"http:\\\/\\\/www.suvibjorkqvist.fi\\\/?p=390#primaryimage\"},\"image\":{\"@id\":\"http:\\\/\\\/www.suvibjorkqvist.fi\\\/?p=390#primaryimage\"},\"thumbnailUrl\":\"https:\\\/\\\/www.suvibjorkqvist.fi\\\/wp-content\\\/uploads\\\/2025\\\/10\\\/Syksy1-1024x1024.webp\",\"datePublished\":\"2025-10-29T03:58:56+00:00\",\"dateModified\":\"2025-10-29T06:47:59+00:00\",\"author\":{\"@id\":\"https:\\\/\\\/www.suvibjorkqvist.fi\\\/#\\\/schema\\\/person\\\/d6488fbfb6bc1f24322092c1330e9bc1\"},\"breadcrumb\":{\"@id\":\"http:\\\/\\\/www.suvibjorkqvist.fi\\\/?p=390#breadcrumb\"},\"inLanguage\":\"fi\",\"potentialAction\":[{\"@type\":\"ReadAction\",\"target\":[\"http:\\\/\\\/www.suvibjorkqvist.fi\\\/?p=390\"]}]},{\"@type\":\"ImageObject\",\"inLanguage\":\"fi\",\"@id\":\"http:\\\/\\\/www.suvibjorkqvist.fi\\\/?p=390#primaryimage\",\"url\":\"http:\\\/\\\/www.suvibjorkqvist.fi\\\/wp-content\\\/uploads\\\/2025\\\/10\\\/Syksy1.webp\",\"contentUrl\":\"http:\\\/\\\/www.suvibjorkqvist.fi\\\/wp-content\\\/uploads\\\/2025\\\/10\\\/Syksy1.webp\",\"width\":1440,\"height\":1440},{\"@type\":\"BreadcrumbList\",\"@id\":\"http:\\\/\\\/www.suvibjorkqvist.fi\\\/?p=390#breadcrumb\",\"itemListElement\":[{\"@type\":\"ListItem\",\"position\":1,\"name\":\"Etusivu\",\"item\":\"https:\\\/\\\/www.suvibjorkqvist.fi\\\/\"},{\"@type\":\"ListItem\",\"position\":2,\"name\":\"Katse syksyss\u00e4, ja v\u00e4h\u00e4n jo ensi vuodessakin\"}]},{\"@type\":\"WebSite\",\"@id\":\"https:\\\/\\\/www.suvibjorkqvist.fi\\\/#website\",\"url\":\"https:\\\/\\\/www.suvibjorkqvist.fi\\\/\",\"name\":\"Suvi B\",\"description\":\"\",\"potentialAction\":[{\"@type\":\"SearchAction\",\"target\":{\"@type\":\"EntryPoint\",\"urlTemplate\":\"https:\\\/\\\/www.suvibjorkqvist.fi\\\/?s={search_term_string}\"},\"query-input\":{\"@type\":\"PropertyValueSpecification\",\"valueRequired\":true,\"valueName\":\"search_term_string\"}}],\"inLanguage\":\"fi\"},{\"@type\":\"Person\",\"@id\":\"https:\\\/\\\/www.suvibjorkqvist.fi\\\/#\\\/schema\\\/person\\\/d6488fbfb6bc1f24322092c1330e9bc1\",\"name\":\"admin\",\"image\":{\"@type\":\"ImageObject\",\"inLanguage\":\"fi\",\"@id\":\"https:\\\/\\\/secure.gravatar.com\\\/avatar\\\/e9de7b9781bac6fb17fa81fb1558ce29073024ed437bf6fe606b087bc6c2d096?s=96&d=blank&r=g\",\"url\":\"https:\\\/\\\/secure.gravatar.com\\\/avatar\\\/e9de7b9781bac6fb17fa81fb1558ce29073024ed437bf6fe606b087bc6c2d096?s=96&d=blank&r=g\",\"contentUrl\":\"https:\\\/\\\/secure.gravatar.com\\\/avatar\\\/e9de7b9781bac6fb17fa81fb1558ce29073024ed437bf6fe606b087bc6c2d096?s=96&d=blank&r=g\",\"caption\":\"admin\"},\"sameAs\":[\"http:\\\/\\\/www.suvibjorkqvist.fi\"],\"url\":\"http:\\\/\\\/www.suvibjorkqvist.fi\\\/?author=1\"}]}<\/script>\n<!-- \/ Yoast SEO plugin. -->","yoast_head_json":{"title":"Katse syksyss\u00e4, ja v\u00e4h\u00e4n jo ensi vuodessakin -","robots":{"index":"index","follow":"follow","max-snippet":"max-snippet:-1","max-image-preview":"max-image-preview:large","max-video-preview":"max-video-preview:-1"},"canonical":"http:\/\/www.suvibjorkqvist.fi\/?p=390","og_locale":"fi_FI","og_type":"article","og_title":"Katse syksyss\u00e4, ja v\u00e4h\u00e4n jo ensi vuodessakin -","og_description":"Nopeasti on syksy edennyt lokakuun loppuun. Syys- ja lokakuuhun on mahtunut niin iloja kuin suruja, kuten el\u00e4m\u00e4\u00e4n kuuluu. T\u00f6iden osalta syksy on sis\u00e4lt\u00e4nyt muun muassa Versot-ryhmien ohjausta p\u00e4ihdeongelmista k\u00e4rsiville sote-alan ammattilaisille, \u00c4HKY:n luentoja hallitsemattomasta sy\u00f6misest\u00e4 ja ruokariippuvuudesta, tapahtumissa edustamista, yhteisty\u00f6tapaamisia, tiimip\u00e4ivi\u00e4 ja kouluttautumista. Ja kaikkea mit\u00e4 hankety\u00f6h\u00f6n kuuluu. Ensi vuoden ty\u00f6kuviot ovat suurelta osin viel\u00e4 &hellip; Jatka lukemista \"Katse syksyss\u00e4, ja v\u00e4h\u00e4n jo ensi vuodessakin\"","og_url":"http:\/\/www.suvibjorkqvist.fi\/?p=390","article_published_time":"2025-10-29T03:58:56+00:00","article_modified_time":"2025-10-29T06:47:59+00:00","og_image":[{"url":"https:\/\/www.suvibjorkqvist.fi\/wp-content\/uploads\/2025\/10\/Syksy1-1024x1024.webp","type":"","width":"","height":""}],"author":"admin","twitter_card":"summary_large_image","twitter_misc":{"Kirjoittanut":"admin","Arvioitu lukuaika":"2 minuuttia"},"schema":{"@context":"https:\/\/schema.org","@graph":[{"@type":"Article","@id":"http:\/\/www.suvibjorkqvist.fi\/?p=390#article","isPartOf":{"@id":"http:\/\/www.suvibjorkqvist.fi\/?p=390"},"author":{"name":"admin","@id":"https:\/\/www.suvibjorkqvist.fi\/#\/schema\/person\/d6488fbfb6bc1f24322092c1330e9bc1"},"headline":"Katse syksyss\u00e4, ja v\u00e4h\u00e4n jo ensi vuodessakin","datePublished":"2025-10-29T03:58:56+00:00","dateModified":"2025-10-29T06:47:59+00:00","mainEntityOfPage":{"@id":"http:\/\/www.suvibjorkqvist.fi\/?p=390"},"wordCount":200,"commentCount":0,"image":{"@id":"http:\/\/www.suvibjorkqvist.fi\/?p=390#primaryimage"},"thumbnailUrl":"https:\/\/www.suvibjorkqvist.fi\/wp-content\/uploads\/2025\/10\/Syksy1-1024x1024.webp","articleSection":["Kirja","Kirjaprojekti","Ty\u00f6"],"inLanguage":"fi","potentialAction":[{"@type":"CommentAction","name":"Comment","target":["http:\/\/www.suvibjorkqvist.fi\/?p=390#respond"]}]},{"@type":"WebPage","@id":"http:\/\/www.suvibjorkqvist.fi\/?p=390","url":"http:\/\/www.suvibjorkqvist.fi\/?p=390","name":"Katse syksyss\u00e4, ja v\u00e4h\u00e4n jo ensi vuodessakin -","isPartOf":{"@id":"https:\/\/www.suvibjorkqvist.fi\/#website"},"primaryImageOfPage":{"@id":"http:\/\/www.suvibjorkqvist.fi\/?p=390#primaryimage"},"image":{"@id":"http:\/\/www.suvibjorkqvist.fi\/?p=390#primaryimage"},"thumbnailUrl":"https:\/\/www.suvibjorkqvist.fi\/wp-content\/uploads\/2025\/10\/Syksy1-1024x1024.webp","datePublished":"2025-10-29T03:58:56+00:00","dateModified":"2025-10-29T06:47:59+00:00","author":{"@id":"https:\/\/www.suvibjorkqvist.fi\/#\/schema\/person\/d6488fbfb6bc1f24322092c1330e9bc1"},"breadcrumb":{"@id":"http:\/\/www.suvibjorkqvist.fi\/?p=390#breadcrumb"},"inLanguage":"fi","potentialAction":[{"@type":"ReadAction","target":["http:\/\/www.suvibjorkqvist.fi\/?p=390"]}]},{"@type":"ImageObject","inLanguage":"fi","@id":"http:\/\/www.suvibjorkqvist.fi\/?p=390#primaryimage","url":"http:\/\/www.suvibjorkqvist.fi\/wp-content\/uploads\/2025\/10\/Syksy1.webp","contentUrl":"http:\/\/www.suvibjorkqvist.fi\/wp-content\/uploads\/2025\/10\/Syksy1.webp","width":1440,"height":1440},{"@type":"BreadcrumbList","@id":"http:\/\/www.suvibjorkqvist.fi\/?p=390#breadcrumb","itemListElement":[{"@type":"ListItem","position":1,"name":"Etusivu","item":"https:\/\/www.suvibjorkqvist.fi\/"},{"@type":"ListItem","position":2,"name":"Katse syksyss\u00e4, ja v\u00e4h\u00e4n jo ensi vuodessakin"}]},{"@type":"WebSite","@id":"https:\/\/www.suvibjorkqvist.fi\/#website","url":"https:\/\/www.suvibjorkqvist.fi\/","name":"Suvi B","description":"","potentialAction":[{"@type":"SearchAction","target":{"@type":"EntryPoint","urlTemplate":"https:\/\/www.suvibjorkqvist.fi\/?s={search_term_string}"},"query-input":{"@type":"PropertyValueSpecification","valueRequired":true,"valueName":"search_term_string"}}],"inLanguage":"fi"},{"@type":"Person","@id":"https:\/\/www.suvibjorkqvist.fi\/#\/schema\/person\/d6488fbfb6bc1f24322092c1330e9bc1","name":"admin","image":{"@type":"ImageObject","inLanguage":"fi","@id":"https:\/\/secure.gravatar.com\/avatar\/e9de7b9781bac6fb17fa81fb1558ce29073024ed437bf6fe606b087bc6c2d096?s=96&d=blank&r=g","url":"https:\/\/secure.gravatar.com\/avatar\/e9de7b9781bac6fb17fa81fb1558ce29073024ed437bf6fe606b087bc6c2d096?s=96&d=blank&r=g","contentUrl":"https:\/\/secure.gravatar.com\/avatar\/e9de7b9781bac6fb17fa81fb1558ce29073024ed437bf6fe606b087bc6c2d096?s=96&d=blank&r=g","caption":"admin"},"sameAs":["http:\/\/www.suvibjorkqvist.fi"],"url":"http:\/\/www.suvibjorkqvist.fi\/?author=1"}]}},"_links":{"self":[{"href":"http:\/\/www.suvibjorkqvist.fi\/index.php?rest_route=\/wp\/v2\/posts\/390","targetHints":{"allow":["GET"]}}],"collection":[{"href":"http:\/\/www.suvibjorkqvist.fi\/index.php?rest_route=\/wp\/v2\/posts"}],"about":[{"href":"http:\/\/www.suvibjorkqvist.fi\/index.php?rest_route=\/wp\/v2\/types\/post"}],"author":[{"embeddable":true,"href":"http:\/\/www.suvibjorkqvist.fi\/index.php?rest_route=\/wp\/v2\/users\/1"}],"replies":[{"embeddable":true,"href":"http:\/\/www.suvibjorkqvist.fi\/index.php?rest_route=%2Fwp%2Fv2%2Fcomments&post=390"}],"version-history":[{"count":4,"href":"http:\/\/www.suvibjorkqvist.fi\/index.php?rest_route=\/wp\/v2\/posts\/390\/revisions"}],"predecessor-version":[{"id":397,"href":"http:\/\/www.suvibjorkqvist.fi\/index.php?rest_route=\/wp\/v2\/posts\/390\/revisions\/397"}],"wp:attachment":[{"href":"http:\/\/www.suvibjorkqvist.fi\/index.php?rest_route=%2Fwp%2Fv2%2Fmedia&parent=390"}],"wp:term":[{"taxonomy":"category","embeddable":true,"href":"http:\/\/www.suvibjorkqvist.fi\/index.php?rest_route=%2Fwp%2Fv2%2Fcategories&post=390"},{"taxonomy":"post_tag","embeddable":true,"href":"http:\/\/www.suvibjorkqvist.fi\/index.php?rest_route=%2Fwp%2Fv2%2Ftags&post=390"}],"curies":[{"name":"wp","href":"https:\/\/api.w.org\/{rel}","templated":true}]}}