{"id":425,"date":"2025-12-27T09:29:45","date_gmt":"2025-12-27T07:29:45","guid":{"rendered":"https:\/\/www.suvibjorkqvist.fi\/?p=425"},"modified":"2025-12-27T09:38:35","modified_gmt":"2025-12-27T07:38:35","slug":"vuoden-2025-yla-ja-alamakia","status":"publish","type":"post","link":"http:\/\/www.suvibjorkqvist.fi\/?p=425","title":{"rendered":"Vuoden 2025 yl\u00e4- ja alam\u00e4ki\u00e4"},"content":{"rendered":"\n<figure class=\"wp-block-image size-large\"><img loading=\"lazy\" decoding=\"async\" width=\"768\" height=\"1024\" src=\"http:\/\/www.suvibjorkqvist.fi\/wp-content\/uploads\/2025\/07\/kesanpohdinnat2-768x1024.jpg\" alt=\"\" class=\"wp-image-173\" srcset=\"http:\/\/www.suvibjorkqvist.fi\/wp-content\/uploads\/2025\/07\/kesanpohdinnat2-768x1024.jpg 768w, http:\/\/www.suvibjorkqvist.fi\/wp-content\/uploads\/2025\/07\/kesanpohdinnat2-225x300.jpg 225w, http:\/\/www.suvibjorkqvist.fi\/wp-content\/uploads\/2025\/07\/kesanpohdinnat2-1152x1536.jpg 1152w, http:\/\/www.suvibjorkqvist.fi\/wp-content\/uploads\/2025\/07\/kesanpohdinnat2-1536x2048.jpg 1536w, http:\/\/www.suvibjorkqvist.fi\/wp-content\/uploads\/2025\/07\/kesanpohdinnat2-1200x1600.jpg 1200w, http:\/\/www.suvibjorkqvist.fi\/wp-content\/uploads\/2025\/07\/kesanpohdinnat2-scaled.jpg 1920w\" sizes=\"auto, (max-width: 709px) 85vw, (max-width: 909px) 67vw, (max-width: 984px) 61vw, (max-width: 1362px) 45vw, 600px\" \/><\/figure>\n\n\n\n<p>Vuosi 2025 l\u00e4henee loppuaan. Aika koostaa kuluneen vuoden p\u00e4\u00e4llimm\u00e4isen\u00e4 mieleen nousevia juttuja. Kuten el\u00e4m\u00e4\u00e4n kuuluu, niin my\u00f6s t\u00e4h\u00e4n vuoteen, mahtui iloja ja suruja.<\/p>\n\n\n\n<figure class=\"wp-block-image size-large\"><img loading=\"lazy\" decoding=\"async\" width=\"921\" height=\"1024\" src=\"http:\/\/www.suvibjorkqvist.fi\/wp-content\/uploads\/2025\/08\/ravitsemus-921x1024.jpg\" alt=\"\" class=\"wp-image-282\" srcset=\"http:\/\/www.suvibjorkqvist.fi\/wp-content\/uploads\/2025\/08\/ravitsemus-921x1024.jpg 921w, http:\/\/www.suvibjorkqvist.fi\/wp-content\/uploads\/2025\/08\/ravitsemus-270x300.jpg 270w, http:\/\/www.suvibjorkqvist.fi\/wp-content\/uploads\/2025\/08\/ravitsemus-768x854.jpg 768w, http:\/\/www.suvibjorkqvist.fi\/wp-content\/uploads\/2025\/08\/ravitsemus-1381x1536.jpg 1381w, http:\/\/www.suvibjorkqvist.fi\/wp-content\/uploads\/2025\/08\/ravitsemus-1841x2048.jpg 1841w, http:\/\/www.suvibjorkqvist.fi\/wp-content\/uploads\/2025\/08\/ravitsemus-1200x1335.jpg 1200w\" sizes=\"auto, (max-width: 709px) 85vw, (max-width: 909px) 67vw, (max-width: 1362px) 62vw, 840px\" \/><\/figure>\n\n\n\n<p>Alkuvuotta, kev\u00e4tt\u00e4 ja kes\u00e4\u00e4 v\u00e4ritti erin\u00e4iset oireet, aina voimakkaasta v\u00e4symyksest\u00e4 n\u00e4r\u00e4stykseen, aamuy\u00f6n valvomisiin ja olkap\u00e4\u00e4kipuihin. Todettiin niin alhaista ferritiiniarvoa kuin olkap\u00e4\u00e4n kiert\u00e4j\u00e4kalvosimen oireyhtym\u00e4\u00e4 ja tulehdusta. Unohtamatta (esi)vaihdevuosioireita. Vuoden loppua kohti vointi alkoi koheta, muun muassa lis\u00e4raudan, estrogeenisuihkeiden, fysioterapeutin ohjeiden ja saliohjelman muuttamisen my\u00f6t\u00e4. My\u00f6s t\u00e4m\u00e4n blogin perustamisen yksi motivaattori oli oman hyvinvoinnin tukeminen kirjoittamisen kautta. <\/p>\n\n\n\n<figure class=\"wp-block-image size-large\"><img loading=\"lazy\" decoding=\"async\" width=\"1024\" height=\"768\" src=\"http:\/\/www.suvibjorkqvist.fi\/wp-content\/uploads\/2025\/08\/Pykeijassa-1024x768.jpg\" alt=\"\" class=\"wp-image-208\" srcset=\"http:\/\/www.suvibjorkqvist.fi\/wp-content\/uploads\/2025\/08\/Pykeijassa-1024x768.jpg 1024w, http:\/\/www.suvibjorkqvist.fi\/wp-content\/uploads\/2025\/08\/Pykeijassa-300x225.jpg 300w, http:\/\/www.suvibjorkqvist.fi\/wp-content\/uploads\/2025\/08\/Pykeijassa-768x576.jpg 768w, http:\/\/www.suvibjorkqvist.fi\/wp-content\/uploads\/2025\/08\/Pykeijassa-1536x1152.jpg 1536w, http:\/\/www.suvibjorkqvist.fi\/wp-content\/uploads\/2025\/08\/Pykeijassa-1200x900.jpg 1200w, http:\/\/www.suvibjorkqvist.fi\/wp-content\/uploads\/2025\/08\/Pykeijassa.jpg 1600w\" sizes=\"auto, (max-width: 709px) 85vw, (max-width: 909px) 67vw, (max-width: 1362px) 62vw, 840px\" \/><\/figure>\n\n\n\n<p>Matkoista ja lomista nousee p\u00e4\u00e4llimm\u00e4isen\u00e4 mieleen asuntoautoreissu Pohjois-Norjaan perheen kanssa. T\u00e4m\u00e4 oli jo kolmas asuntoautoreissumme samoille suunnille, jossa upeat vuori- ja vuonomaisemat eiv\u00e4t pett\u00e4neet t\u00e4ll\u00e4k\u00e4\u00e4n kertaa. P\u00e4\u00e4kohteemme olivat t\u00e4n\u00e4 kes\u00e4n\u00e4 Hammerfest ja kuvassa n\u00e4kyv\u00e4 Pykeija.<\/p>\n\n\n\n<figure class=\"wp-block-image size-large\"><img loading=\"lazy\" decoding=\"async\" width=\"768\" height=\"1024\" src=\"http:\/\/www.suvibjorkqvist.fi\/wp-content\/uploads\/2025\/08\/juhannuskuva-768x1024.jpg\" alt=\"\" class=\"wp-image-211\" srcset=\"http:\/\/www.suvibjorkqvist.fi\/wp-content\/uploads\/2025\/08\/juhannuskuva-768x1024.jpg 768w, http:\/\/www.suvibjorkqvist.fi\/wp-content\/uploads\/2025\/08\/juhannuskuva-225x300.jpg 225w, http:\/\/www.suvibjorkqvist.fi\/wp-content\/uploads\/2025\/08\/juhannuskuva-1152x1536.jpg 1152w, http:\/\/www.suvibjorkqvist.fi\/wp-content\/uploads\/2025\/08\/juhannuskuva-1536x2048.jpg 1536w, http:\/\/www.suvibjorkqvist.fi\/wp-content\/uploads\/2025\/08\/juhannuskuva-1200x1600.jpg 1200w, http:\/\/www.suvibjorkqvist.fi\/wp-content\/uploads\/2025\/08\/juhannuskuva-scaled.jpg 1920w\" sizes=\"auto, (max-width: 709px) 85vw, (max-width: 909px) 67vw, (max-width: 984px) 61vw, (max-width: 1362px) 45vw, 600px\" \/><\/figure>\n\n\n\n<p>Vuoteen sis\u00e4ltyi iloa ja ihania perhe- ja sukujuhlia, kuten juhannusjuhlat (kuva juhannukselta), risti\u00e4iset, syntt\u00e4reit\u00e4 ja jouluaaton vietto 11 ihmisen ja kahden koiran voimin. Lis\u00e4ksi my\u00f6s useat hautajaiset ja surua, muun muassa rakkaan mummoni poismenoon liittyen.<\/p>\n\n\n\n<figure class=\"wp-block-image size-large\"><img loading=\"lazy\" decoding=\"async\" width=\"895\" height=\"1024\" src=\"http:\/\/www.suvibjorkqvist.fi\/wp-content\/uploads\/2025\/11\/marraskuuta-895x1024.jpg\" alt=\"\" class=\"wp-image-418\" srcset=\"http:\/\/www.suvibjorkqvist.fi\/wp-content\/uploads\/2025\/11\/marraskuuta-895x1024.jpg 895w, http:\/\/www.suvibjorkqvist.fi\/wp-content\/uploads\/2025\/11\/marraskuuta-262x300.jpg 262w, http:\/\/www.suvibjorkqvist.fi\/wp-content\/uploads\/2025\/11\/marraskuuta-768x879.jpg 768w, http:\/\/www.suvibjorkqvist.fi\/wp-content\/uploads\/2025\/11\/marraskuuta.jpg 1080w\" sizes=\"auto, (max-width: 709px) 85vw, (max-width: 909px) 67vw, (max-width: 1362px) 62vw, 840px\" \/><\/figure>\n\n\n\n<p>Vapaa-aikaan on mahtunut monenlaista, kuten luontoretke\u00e4, musiikkikeikkaa, liikuntaa ja kirjamessua. Vuoden loppupuolella sain inspiraation oman kirjan kirjoittamisesta, ja laitoin kirjoitusty\u00f6n alkuun. T\u00e4st\u00e4 ja monesta muusta jutusta onkin hyv\u00e4 jatkaa ensi vuoden puolella. Ehk\u00e4p\u00e4 seuraavassa postauksessa lis\u00e4\u00e4 ensi vuoden suunnitelmista, tavoitteista ja haaveista.<\/p>\n\n\n\n<p><\/p>\n","protected":false},"excerpt":{"rendered":"<p>Vuosi 2025 l\u00e4henee loppuaan. Aika koostaa kuluneen vuoden p\u00e4\u00e4llimm\u00e4isen\u00e4 mieleen nousevia juttuja. Kuten el\u00e4m\u00e4\u00e4n kuuluu, niin my\u00f6s t\u00e4h\u00e4n vuoteen, mahtui iloja ja suruja. Alkuvuotta, kev\u00e4tt\u00e4 ja kes\u00e4\u00e4 v\u00e4ritti erin\u00e4iset oireet, aina voimakkaasta v\u00e4symyksest\u00e4 n\u00e4r\u00e4stykseen, aamuy\u00f6n valvomisiin ja olkap\u00e4\u00e4kipuihin. Todettiin niin alhaista ferritiiniarvoa kuin olkap\u00e4\u00e4n kiert\u00e4j\u00e4kalvosimen oireyhtym\u00e4\u00e4 ja tulehdusta. Unohtamatta (esi)vaihdevuosioireita. Vuoden loppua kohti vointi alkoi &hellip; <a href=\"http:\/\/www.suvibjorkqvist.fi\/?p=425\" class=\"more-link\">Jatka lukemista<span class=\"screen-reader-text\"> &#8221;Vuoden 2025 yl\u00e4- ja alam\u00e4ki\u00e4&#8221;<\/span><\/a><\/p>\n","protected":false},"author":1,"featured_media":0,"comment_status":"open","ping_status":"open","sticky":false,"template":"","format":"standard","meta":{"footnotes":""},"categories":[81],"tags":[],"class_list":["post-425","post","type-post","status-publish","format-standard","hentry","category-vuosikooste"],"yoast_head":"<!-- This site is optimized with the Yoast SEO plugin v27.4 - https:\/\/yoast.com\/product\/yoast-seo-wordpress\/ -->\n<title>Vuoden 2025 yl\u00e4- ja alam\u00e4ki\u00e4 -<\/title>\n<meta name=\"robots\" content=\"index, follow, max-snippet:-1, max-image-preview:large, max-video-preview:-1\" \/>\n<link rel=\"canonical\" href=\"http:\/\/www.suvibjorkqvist.fi\/?p=425\" \/>\n<meta property=\"og:locale\" content=\"fi_FI\" \/>\n<meta property=\"og:type\" content=\"article\" \/>\n<meta property=\"og:title\" content=\"Vuoden 2025 yl\u00e4- ja alam\u00e4ki\u00e4 -\" \/>\n<meta property=\"og:description\" content=\"Vuosi 2025 l\u00e4henee loppuaan. Aika koostaa kuluneen vuoden p\u00e4\u00e4llimm\u00e4isen\u00e4 mieleen nousevia juttuja. Kuten el\u00e4m\u00e4\u00e4n kuuluu, niin my\u00f6s t\u00e4h\u00e4n vuoteen, mahtui iloja ja suruja. Alkuvuotta, kev\u00e4tt\u00e4 ja kes\u00e4\u00e4 v\u00e4ritti erin\u00e4iset oireet, aina voimakkaasta v\u00e4symyksest\u00e4 n\u00e4r\u00e4stykseen, aamuy\u00f6n valvomisiin ja olkap\u00e4\u00e4kipuihin. Todettiin niin alhaista ferritiiniarvoa kuin olkap\u00e4\u00e4n kiert\u00e4j\u00e4kalvosimen oireyhtym\u00e4\u00e4 ja tulehdusta. Unohtamatta (esi)vaihdevuosioireita. Vuoden loppua kohti vointi alkoi &hellip; Jatka lukemista &quot;Vuoden 2025 yl\u00e4- ja alam\u00e4ki\u00e4&quot;\" \/>\n<meta property=\"og:url\" content=\"http:\/\/www.suvibjorkqvist.fi\/?p=425\" \/>\n<meta property=\"article:published_time\" content=\"2025-12-27T07:29:45+00:00\" \/>\n<meta property=\"article:modified_time\" content=\"2025-12-27T07:38:35+00:00\" \/>\n<meta property=\"og:image\" content=\"http:\/\/www.suvibjorkqvist.fi\/wp-content\/uploads\/2025\/07\/kesanpohdinnat2-768x1024.jpg\" \/>\n<meta name=\"author\" content=\"admin\" \/>\n<meta name=\"twitter:card\" content=\"summary_large_image\" \/>\n<meta name=\"twitter:label1\" content=\"Kirjoittanut\" \/>\n\t<meta name=\"twitter:data1\" content=\"admin\" \/>\n\t<meta name=\"twitter:label2\" content=\"Arvioitu lukuaika\" \/>\n\t<meta name=\"twitter:data2\" content=\"3 minuuttia\" \/>\n<script type=\"application\/ld+json\" class=\"yoast-schema-graph\">{\"@context\":\"https:\\\/\\\/schema.org\",\"@graph\":[{\"@type\":\"Article\",\"@id\":\"http:\\\/\\\/www.suvibjorkqvist.fi\\\/?p=425#article\",\"isPartOf\":{\"@id\":\"http:\\\/\\\/www.suvibjorkqvist.fi\\\/?p=425\"},\"author\":{\"name\":\"admin\",\"@id\":\"https:\\\/\\\/www.suvibjorkqvist.fi\\\/#\\\/schema\\\/person\\\/d6488fbfb6bc1f24322092c1330e9bc1\"},\"headline\":\"Vuoden 2025 yl\u00e4- ja alam\u00e4ki\u00e4\",\"datePublished\":\"2025-12-27T07:29:45+00:00\",\"dateModified\":\"2025-12-27T07:38:35+00:00\",\"mainEntityOfPage\":{\"@id\":\"http:\\\/\\\/www.suvibjorkqvist.fi\\\/?p=425\"},\"wordCount\":239,\"commentCount\":0,\"image\":{\"@id\":\"http:\\\/\\\/www.suvibjorkqvist.fi\\\/?p=425#primaryimage\"},\"thumbnailUrl\":\"http:\\\/\\\/www.suvibjorkqvist.fi\\\/wp-content\\\/uploads\\\/2025\\\/07\\\/kesanpohdinnat2-768x1024.jpg\",\"articleSection\":[\"Vuosikooste\"],\"inLanguage\":\"fi\",\"potentialAction\":[{\"@type\":\"CommentAction\",\"name\":\"Comment\",\"target\":[\"http:\\\/\\\/www.suvibjorkqvist.fi\\\/?p=425#respond\"]}]},{\"@type\":\"WebPage\",\"@id\":\"http:\\\/\\\/www.suvibjorkqvist.fi\\\/?p=425\",\"url\":\"http:\\\/\\\/www.suvibjorkqvist.fi\\\/?p=425\",\"name\":\"Vuoden 2025 yl\u00e4- ja alam\u00e4ki\u00e4 -\",\"isPartOf\":{\"@id\":\"https:\\\/\\\/www.suvibjorkqvist.fi\\\/#website\"},\"primaryImageOfPage\":{\"@id\":\"http:\\\/\\\/www.suvibjorkqvist.fi\\\/?p=425#primaryimage\"},\"image\":{\"@id\":\"http:\\\/\\\/www.suvibjorkqvist.fi\\\/?p=425#primaryimage\"},\"thumbnailUrl\":\"http:\\\/\\\/www.suvibjorkqvist.fi\\\/wp-content\\\/uploads\\\/2025\\\/07\\\/kesanpohdinnat2-768x1024.jpg\",\"datePublished\":\"2025-12-27T07:29:45+00:00\",\"dateModified\":\"2025-12-27T07:38:35+00:00\",\"author\":{\"@id\":\"https:\\\/\\\/www.suvibjorkqvist.fi\\\/#\\\/schema\\\/person\\\/d6488fbfb6bc1f24322092c1330e9bc1\"},\"breadcrumb\":{\"@id\":\"http:\\\/\\\/www.suvibjorkqvist.fi\\\/?p=425#breadcrumb\"},\"inLanguage\":\"fi\",\"potentialAction\":[{\"@type\":\"ReadAction\",\"target\":[\"http:\\\/\\\/www.suvibjorkqvist.fi\\\/?p=425\"]}]},{\"@type\":\"ImageObject\",\"inLanguage\":\"fi\",\"@id\":\"http:\\\/\\\/www.suvibjorkqvist.fi\\\/?p=425#primaryimage\",\"url\":\"http:\\\/\\\/www.suvibjorkqvist.fi\\\/wp-content\\\/uploads\\\/2025\\\/07\\\/kesanpohdinnat2-scaled.jpg\",\"contentUrl\":\"http:\\\/\\\/www.suvibjorkqvist.fi\\\/wp-content\\\/uploads\\\/2025\\\/07\\\/kesanpohdinnat2-scaled.jpg\",\"width\":1920,\"height\":2560},{\"@type\":\"BreadcrumbList\",\"@id\":\"http:\\\/\\\/www.suvibjorkqvist.fi\\\/?p=425#breadcrumb\",\"itemListElement\":[{\"@type\":\"ListItem\",\"position\":1,\"name\":\"Etusivu\",\"item\":\"https:\\\/\\\/www.suvibjorkqvist.fi\\\/\"},{\"@type\":\"ListItem\",\"position\":2,\"name\":\"Vuoden 2025 yl\u00e4- ja alam\u00e4ki\u00e4\"}]},{\"@type\":\"WebSite\",\"@id\":\"https:\\\/\\\/www.suvibjorkqvist.fi\\\/#website\",\"url\":\"https:\\\/\\\/www.suvibjorkqvist.fi\\\/\",\"name\":\"Suvi B\",\"description\":\"\",\"potentialAction\":[{\"@type\":\"SearchAction\",\"target\":{\"@type\":\"EntryPoint\",\"urlTemplate\":\"https:\\\/\\\/www.suvibjorkqvist.fi\\\/?s={search_term_string}\"},\"query-input\":{\"@type\":\"PropertyValueSpecification\",\"valueRequired\":true,\"valueName\":\"search_term_string\"}}],\"inLanguage\":\"fi\"},{\"@type\":\"Person\",\"@id\":\"https:\\\/\\\/www.suvibjorkqvist.fi\\\/#\\\/schema\\\/person\\\/d6488fbfb6bc1f24322092c1330e9bc1\",\"name\":\"admin\",\"image\":{\"@type\":\"ImageObject\",\"inLanguage\":\"fi\",\"@id\":\"https:\\\/\\\/secure.gravatar.com\\\/avatar\\\/e9de7b9781bac6fb17fa81fb1558ce29073024ed437bf6fe606b087bc6c2d096?s=96&d=blank&r=g\",\"url\":\"https:\\\/\\\/secure.gravatar.com\\\/avatar\\\/e9de7b9781bac6fb17fa81fb1558ce29073024ed437bf6fe606b087bc6c2d096?s=96&d=blank&r=g\",\"contentUrl\":\"https:\\\/\\\/secure.gravatar.com\\\/avatar\\\/e9de7b9781bac6fb17fa81fb1558ce29073024ed437bf6fe606b087bc6c2d096?s=96&d=blank&r=g\",\"caption\":\"admin\"},\"sameAs\":[\"http:\\\/\\\/www.suvibjorkqvist.fi\"],\"url\":\"http:\\\/\\\/www.suvibjorkqvist.fi\\\/?author=1\"}]}<\/script>\n<!-- \/ Yoast SEO plugin. -->","yoast_head_json":{"title":"Vuoden 2025 yl\u00e4- ja alam\u00e4ki\u00e4 -","robots":{"index":"index","follow":"follow","max-snippet":"max-snippet:-1","max-image-preview":"max-image-preview:large","max-video-preview":"max-video-preview:-1"},"canonical":"http:\/\/www.suvibjorkqvist.fi\/?p=425","og_locale":"fi_FI","og_type":"article","og_title":"Vuoden 2025 yl\u00e4- ja alam\u00e4ki\u00e4 -","og_description":"Vuosi 2025 l\u00e4henee loppuaan. Aika koostaa kuluneen vuoden p\u00e4\u00e4llimm\u00e4isen\u00e4 mieleen nousevia juttuja. Kuten el\u00e4m\u00e4\u00e4n kuuluu, niin my\u00f6s t\u00e4h\u00e4n vuoteen, mahtui iloja ja suruja. Alkuvuotta, kev\u00e4tt\u00e4 ja kes\u00e4\u00e4 v\u00e4ritti erin\u00e4iset oireet, aina voimakkaasta v\u00e4symyksest\u00e4 n\u00e4r\u00e4stykseen, aamuy\u00f6n valvomisiin ja olkap\u00e4\u00e4kipuihin. Todettiin niin alhaista ferritiiniarvoa kuin olkap\u00e4\u00e4n kiert\u00e4j\u00e4kalvosimen oireyhtym\u00e4\u00e4 ja tulehdusta. Unohtamatta (esi)vaihdevuosioireita. Vuoden loppua kohti vointi alkoi &hellip; Jatka lukemista \"Vuoden 2025 yl\u00e4- ja alam\u00e4ki\u00e4\"","og_url":"http:\/\/www.suvibjorkqvist.fi\/?p=425","article_published_time":"2025-12-27T07:29:45+00:00","article_modified_time":"2025-12-27T07:38:35+00:00","og_image":[{"url":"http:\/\/www.suvibjorkqvist.fi\/wp-content\/uploads\/2025\/07\/kesanpohdinnat2-768x1024.jpg","type":"","width":"","height":""}],"author":"admin","twitter_card":"summary_large_image","twitter_misc":{"Kirjoittanut":"admin","Arvioitu lukuaika":"3 minuuttia"},"schema":{"@context":"https:\/\/schema.org","@graph":[{"@type":"Article","@id":"http:\/\/www.suvibjorkqvist.fi\/?p=425#article","isPartOf":{"@id":"http:\/\/www.suvibjorkqvist.fi\/?p=425"},"author":{"name":"admin","@id":"https:\/\/www.suvibjorkqvist.fi\/#\/schema\/person\/d6488fbfb6bc1f24322092c1330e9bc1"},"headline":"Vuoden 2025 yl\u00e4- ja alam\u00e4ki\u00e4","datePublished":"2025-12-27T07:29:45+00:00","dateModified":"2025-12-27T07:38:35+00:00","mainEntityOfPage":{"@id":"http:\/\/www.suvibjorkqvist.fi\/?p=425"},"wordCount":239,"commentCount":0,"image":{"@id":"http:\/\/www.suvibjorkqvist.fi\/?p=425#primaryimage"},"thumbnailUrl":"http:\/\/www.suvibjorkqvist.fi\/wp-content\/uploads\/2025\/07\/kesanpohdinnat2-768x1024.jpg","articleSection":["Vuosikooste"],"inLanguage":"fi","potentialAction":[{"@type":"CommentAction","name":"Comment","target":["http:\/\/www.suvibjorkqvist.fi\/?p=425#respond"]}]},{"@type":"WebPage","@id":"http:\/\/www.suvibjorkqvist.fi\/?p=425","url":"http:\/\/www.suvibjorkqvist.fi\/?p=425","name":"Vuoden 2025 yl\u00e4- ja alam\u00e4ki\u00e4 -","isPartOf":{"@id":"https:\/\/www.suvibjorkqvist.fi\/#website"},"primaryImageOfPage":{"@id":"http:\/\/www.suvibjorkqvist.fi\/?p=425#primaryimage"},"image":{"@id":"http:\/\/www.suvibjorkqvist.fi\/?p=425#primaryimage"},"thumbnailUrl":"http:\/\/www.suvibjorkqvist.fi\/wp-content\/uploads\/2025\/07\/kesanpohdinnat2-768x1024.jpg","datePublished":"2025-12-27T07:29:45+00:00","dateModified":"2025-12-27T07:38:35+00:00","author":{"@id":"https:\/\/www.suvibjorkqvist.fi\/#\/schema\/person\/d6488fbfb6bc1f24322092c1330e9bc1"},"breadcrumb":{"@id":"http:\/\/www.suvibjorkqvist.fi\/?p=425#breadcrumb"},"inLanguage":"fi","potentialAction":[{"@type":"ReadAction","target":["http:\/\/www.suvibjorkqvist.fi\/?p=425"]}]},{"@type":"ImageObject","inLanguage":"fi","@id":"http:\/\/www.suvibjorkqvist.fi\/?p=425#primaryimage","url":"http:\/\/www.suvibjorkqvist.fi\/wp-content\/uploads\/2025\/07\/kesanpohdinnat2-scaled.jpg","contentUrl":"http:\/\/www.suvibjorkqvist.fi\/wp-content\/uploads\/2025\/07\/kesanpohdinnat2-scaled.jpg","width":1920,"height":2560},{"@type":"BreadcrumbList","@id":"http:\/\/www.suvibjorkqvist.fi\/?p=425#breadcrumb","itemListElement":[{"@type":"ListItem","position":1,"name":"Etusivu","item":"https:\/\/www.suvibjorkqvist.fi\/"},{"@type":"ListItem","position":2,"name":"Vuoden 2025 yl\u00e4- ja alam\u00e4ki\u00e4"}]},{"@type":"WebSite","@id":"https:\/\/www.suvibjorkqvist.fi\/#website","url":"https:\/\/www.suvibjorkqvist.fi\/","name":"Suvi B","description":"","potentialAction":[{"@type":"SearchAction","target":{"@type":"EntryPoint","urlTemplate":"https:\/\/www.suvibjorkqvist.fi\/?s={search_term_string}"},"query-input":{"@type":"PropertyValueSpecification","valueRequired":true,"valueName":"search_term_string"}}],"inLanguage":"fi"},{"@type":"Person","@id":"https:\/\/www.suvibjorkqvist.fi\/#\/schema\/person\/d6488fbfb6bc1f24322092c1330e9bc1","name":"admin","image":{"@type":"ImageObject","inLanguage":"fi","@id":"https:\/\/secure.gravatar.com\/avatar\/e9de7b9781bac6fb17fa81fb1558ce29073024ed437bf6fe606b087bc6c2d096?s=96&d=blank&r=g","url":"https:\/\/secure.gravatar.com\/avatar\/e9de7b9781bac6fb17fa81fb1558ce29073024ed437bf6fe606b087bc6c2d096?s=96&d=blank&r=g","contentUrl":"https:\/\/secure.gravatar.com\/avatar\/e9de7b9781bac6fb17fa81fb1558ce29073024ed437bf6fe606b087bc6c2d096?s=96&d=blank&r=g","caption":"admin"},"sameAs":["http:\/\/www.suvibjorkqvist.fi"],"url":"http:\/\/www.suvibjorkqvist.fi\/?author=1"}]}},"_links":{"self":[{"href":"http:\/\/www.suvibjorkqvist.fi\/index.php?rest_route=\/wp\/v2\/posts\/425","targetHints":{"allow":["GET"]}}],"collection":[{"href":"http:\/\/www.suvibjorkqvist.fi\/index.php?rest_route=\/wp\/v2\/posts"}],"about":[{"href":"http:\/\/www.suvibjorkqvist.fi\/index.php?rest_route=\/wp\/v2\/types\/post"}],"author":[{"embeddable":true,"href":"http:\/\/www.suvibjorkqvist.fi\/index.php?rest_route=\/wp\/v2\/users\/1"}],"replies":[{"embeddable":true,"href":"http:\/\/www.suvibjorkqvist.fi\/index.php?rest_route=%2Fwp%2Fv2%2Fcomments&post=425"}],"version-history":[{"count":6,"href":"http:\/\/www.suvibjorkqvist.fi\/index.php?rest_route=\/wp\/v2\/posts\/425\/revisions"}],"predecessor-version":[{"id":432,"href":"http:\/\/www.suvibjorkqvist.fi\/index.php?rest_route=\/wp\/v2\/posts\/425\/revisions\/432"}],"wp:attachment":[{"href":"http:\/\/www.suvibjorkqvist.fi\/index.php?rest_route=%2Fwp%2Fv2%2Fmedia&parent=425"}],"wp:term":[{"taxonomy":"category","embeddable":true,"href":"http:\/\/www.suvibjorkqvist.fi\/index.php?rest_route=%2Fwp%2Fv2%2Fcategories&post=425"},{"taxonomy":"post_tag","embeddable":true,"href":"http:\/\/www.suvibjorkqvist.fi\/index.php?rest_route=%2Fwp%2Fv2%2Ftags&post=425"}],"curies":[{"name":"wp","href":"https:\/\/api.w.org\/{rel}","templated":true}]}}