{"id":141,"date":"2025-07-22T06:22:51","date_gmt":"2025-07-22T06:22:51","guid":{"rendered":"https:\/\/www.suvibjorkqvist.fi\/?p=141"},"modified":"2025-08-03T08:53:15","modified_gmt":"2025-08-03T05:53:15","slug":"oma-saliohjelma","status":"publish","type":"post","link":"https:\/\/www.suvibjorkqvist.fi\/?p=141","title":{"rendered":"Oma saliohjelma"},"content":{"rendered":"\n<figure class=\"wp-block-image size-large\"><img loading=\"lazy\" decoding=\"async\" width=\"768\" height=\"1024\" src=\"http:\/\/www.suvibjorkqvist.fi\/wp-content\/uploads\/2025\/07\/salilla-768x1024.jpg\" alt=\"\" class=\"wp-image-142\" srcset=\"https:\/\/www.suvibjorkqvist.fi\/wp-content\/uploads\/2025\/07\/salilla-768x1024.jpg 768w, https:\/\/www.suvibjorkqvist.fi\/wp-content\/uploads\/2025\/07\/salilla-225x300.jpg 225w, https:\/\/www.suvibjorkqvist.fi\/wp-content\/uploads\/2025\/07\/salilla-1152x1536.jpg 1152w, https:\/\/www.suvibjorkqvist.fi\/wp-content\/uploads\/2025\/07\/salilla-1536x2048.jpg 1536w, https:\/\/www.suvibjorkqvist.fi\/wp-content\/uploads\/2025\/07\/salilla-1200x1600.jpg 1200w, https:\/\/www.suvibjorkqvist.fi\/wp-content\/uploads\/2025\/07\/salilla-scaled.jpg 1920w\" sizes=\"auto, (max-width: 709px) 85vw, (max-width: 909px) 67vw, (max-width: 984px) 61vw, (max-width: 1362px) 45vw, 600px\" \/><\/figure>\n\n\n\n<p>T\u00e4ll\u00e4 hetkell\u00e4 k\u00e4rsin olkap\u00e4\u00e4n kiert\u00e4j\u00e4kalvosinoireyhtym\u00e4st\u00e4, ja odottelen sen parantumista ja treenaamisen pariin takaisin p\u00e4\u00e4sy\u00e4. T\u00e4ss\u00e4 kuitenkin jo &#8221;talteen&#8221; oma viimeisin saliohjelmani:<\/p>\n\n\n\n<p><strong>Yl\u00e4kroppap\u00e4iv\u00e4:<\/strong><\/p>\n\n\n\n<p>&#8211; Selk\u00e4: Yl\u00e4talja tai alatalja<\/p>\n\n\n\n<p>&#8211; Rinta: Chest Press -laite tai penkkipunnerrus<\/p>\n\n\n\n<p>&#8211; Ojentajat: Talja&nbsp;<\/p>\n\n\n\n<p>&#8211; Hauikset: K\u00e4sipainot<\/p>\n\n\n\n<p>&#8211; Olkap\u00e4\u00e4t: K\u00e4sipainot<\/p>\n\n\n\n<p>&#8211; Vatsa: Vatsalaite<\/p>\n\n\n\n<p><strong>Jalkap\u00e4iv\u00e4:<\/strong><\/p>\n\n\n\n<p>&#8211; Pakarat ja etureidet jne: Jalkapr\u00e4ssi<\/p>\n\n\n\n<p>&#8211; Etureidet: Polven ojennus laitteessa&nbsp;<\/p>\n\n\n\n<p>&#8211; Takareidet: Polven koukistus laitteessa<\/p>\n\n\n\n<p>&#8211; Pohkeet: Pohjepr\u00e4ssi istuen<\/p>\n\n\n\n<p>&#8211; Alaselk\u00e4 jne: Ojennus selkapenkiss\u00e4<\/p>\n\n\n\n<p>Kiert\u00e4v\u00e4 2-jakoinen treeni. Eli lihakset k\u00e4yd\u00e4\u00e4n l\u00e4pi 3 x 2 viikossa l\u00e4pi (eli 1\u00bd x viikossa).<\/p>\n\n\n\n<p><\/p>\n","protected":false},"excerpt":{"rendered":"<p>T\u00e4ll\u00e4 hetkell\u00e4 k\u00e4rsin olkap\u00e4\u00e4n kiert\u00e4j\u00e4kalvosinoireyhtym\u00e4st\u00e4, ja odottelen sen parantumista ja treenaamisen pariin takaisin p\u00e4\u00e4sy\u00e4. T\u00e4ss\u00e4 kuitenkin jo &#8221;talteen&#8221; oma viimeisin saliohjelmani: Yl\u00e4kroppap\u00e4iv\u00e4: &#8211; Selk\u00e4: Yl\u00e4talja tai alatalja &#8211; Rinta: Chest Press -laite tai penkkipunnerrus &#8211; Ojentajat: Talja&nbsp; &#8211; Hauikset: K\u00e4sipainot &#8211; Olkap\u00e4\u00e4t: K\u00e4sipainot &#8211; Vatsa: Vatsalaite Jalkap\u00e4iv\u00e4: &#8211; Pakarat ja etureidet jne: Jalkapr\u00e4ssi &#8211; Etureidet: &hellip; <a href=\"https:\/\/www.suvibjorkqvist.fi\/?p=141\" class=\"more-link\">Jatka lukemista<span class=\"screen-reader-text\"> &#8221;Oma saliohjelma&#8221;<\/span><\/a><\/p>\n","protected":false},"author":1,"featured_media":0,"comment_status":"open","ping_status":"open","sticky":false,"template":"","format":"standard","meta":{"footnotes":""},"categories":[34,5,33],"tags":[],"class_list":["post-141","post","type-post","status-publish","format-standard","hentry","category-lihaskuntoharjoittelu","category-liikunta","category-salilla"],"yoast_head":"<!-- This site is optimized with the Yoast SEO plugin v27.4 - https:\/\/yoast.com\/product\/yoast-seo-wordpress\/ -->\n<title>Oma saliohjelma -<\/title>\n<meta name=\"robots\" content=\"index, follow, max-snippet:-1, max-image-preview:large, max-video-preview:-1\" \/>\n<link rel=\"canonical\" href=\"http:\/\/www.suvibjorkqvist.fi\/?p=141\" \/>\n<meta property=\"og:locale\" content=\"fi_FI\" \/>\n<meta property=\"og:type\" content=\"article\" \/>\n<meta property=\"og:title\" content=\"Oma saliohjelma -\" \/>\n<meta property=\"og:description\" content=\"T\u00e4ll\u00e4 hetkell\u00e4 k\u00e4rsin olkap\u00e4\u00e4n kiert\u00e4j\u00e4kalvosinoireyhtym\u00e4st\u00e4, ja odottelen sen parantumista ja treenaamisen pariin takaisin p\u00e4\u00e4sy\u00e4. T\u00e4ss\u00e4 kuitenkin jo &#8221;talteen&#8221; oma viimeisin saliohjelmani: Yl\u00e4kroppap\u00e4iv\u00e4: &#8211; Selk\u00e4: Yl\u00e4talja tai alatalja &#8211; Rinta: Chest Press -laite tai penkkipunnerrus &#8211; Ojentajat: Talja&nbsp; &#8211; Hauikset: K\u00e4sipainot &#8211; Olkap\u00e4\u00e4t: K\u00e4sipainot &#8211; Vatsa: Vatsalaite Jalkap\u00e4iv\u00e4: &#8211; Pakarat ja etureidet jne: Jalkapr\u00e4ssi &#8211; Etureidet: &hellip; Jatka lukemista &quot;Oma saliohjelma&quot;\" \/>\n<meta property=\"og:url\" content=\"http:\/\/www.suvibjorkqvist.fi\/?p=141\" \/>\n<meta property=\"article:published_time\" content=\"2025-07-22T06:22:51+00:00\" \/>\n<meta property=\"article:modified_time\" content=\"2025-08-03T05:53:15+00:00\" \/>\n<meta property=\"og:image\" content=\"http:\/\/www.suvibjorkqvist.fi\/wp-content\/uploads\/2025\/07\/salilla-768x1024.jpg\" \/>\n<meta name=\"author\" content=\"admin\" \/>\n<meta name=\"twitter:card\" content=\"summary_large_image\" \/>\n<meta name=\"twitter:label1\" content=\"Kirjoittanut\" \/>\n\t<meta name=\"twitter:data1\" content=\"admin\" \/>\n\t<meta name=\"twitter:label2\" content=\"Arvioitu lukuaika\" \/>\n\t<meta name=\"twitter:data2\" content=\"1 minuutti\" \/>\n<script type=\"application\/ld+json\" class=\"yoast-schema-graph\">{\"@context\":\"https:\\\/\\\/schema.org\",\"@graph\":[{\"@type\":\"Article\",\"@id\":\"http:\\\/\\\/www.suvibjorkqvist.fi\\\/?p=141#article\",\"isPartOf\":{\"@id\":\"http:\\\/\\\/www.suvibjorkqvist.fi\\\/?p=141\"},\"author\":{\"name\":\"admin\",\"@id\":\"https:\\\/\\\/www.suvibjorkqvist.fi\\\/#\\\/schema\\\/person\\\/d6488fbfb6bc1f24322092c1330e9bc1\"},\"headline\":\"Oma saliohjelma\",\"datePublished\":\"2025-07-22T06:22:51+00:00\",\"dateModified\":\"2025-08-03T05:53:15+00:00\",\"mainEntityOfPage\":{\"@id\":\"http:\\\/\\\/www.suvibjorkqvist.fi\\\/?p=141\"},\"wordCount\":111,\"commentCount\":1,\"image\":{\"@id\":\"http:\\\/\\\/www.suvibjorkqvist.fi\\\/?p=141#primaryimage\"},\"thumbnailUrl\":\"http:\\\/\\\/www.suvibjorkqvist.fi\\\/wp-content\\\/uploads\\\/2025\\\/07\\\/salilla-768x1024.jpg\",\"articleSection\":[\"Lihaskuntoharjoittelu\",\"Liikunta\",\"Salilla\"],\"inLanguage\":\"fi\",\"potentialAction\":[{\"@type\":\"CommentAction\",\"name\":\"Comment\",\"target\":[\"http:\\\/\\\/www.suvibjorkqvist.fi\\\/?p=141#respond\"]}]},{\"@type\":\"WebPage\",\"@id\":\"http:\\\/\\\/www.suvibjorkqvist.fi\\\/?p=141\",\"url\":\"http:\\\/\\\/www.suvibjorkqvist.fi\\\/?p=141\",\"name\":\"Oma saliohjelma -\",\"isPartOf\":{\"@id\":\"https:\\\/\\\/www.suvibjorkqvist.fi\\\/#website\"},\"primaryImageOfPage\":{\"@id\":\"http:\\\/\\\/www.suvibjorkqvist.fi\\\/?p=141#primaryimage\"},\"image\":{\"@id\":\"http:\\\/\\\/www.suvibjorkqvist.fi\\\/?p=141#primaryimage\"},\"thumbnailUrl\":\"http:\\\/\\\/www.suvibjorkqvist.fi\\\/wp-content\\\/uploads\\\/2025\\\/07\\\/salilla-768x1024.jpg\",\"datePublished\":\"2025-07-22T06:22:51+00:00\",\"dateModified\":\"2025-08-03T05:53:15+00:00\",\"author\":{\"@id\":\"https:\\\/\\\/www.suvibjorkqvist.fi\\\/#\\\/schema\\\/person\\\/d6488fbfb6bc1f24322092c1330e9bc1\"},\"breadcrumb\":{\"@id\":\"http:\\\/\\\/www.suvibjorkqvist.fi\\\/?p=141#breadcrumb\"},\"inLanguage\":\"fi\",\"potentialAction\":[{\"@type\":\"ReadAction\",\"target\":[\"http:\\\/\\\/www.suvibjorkqvist.fi\\\/?p=141\"]}]},{\"@type\":\"ImageObject\",\"inLanguage\":\"fi\",\"@id\":\"http:\\\/\\\/www.suvibjorkqvist.fi\\\/?p=141#primaryimage\",\"url\":\"https:\\\/\\\/www.suvibjorkqvist.fi\\\/wp-content\\\/uploads\\\/2025\\\/07\\\/salilla-scaled.jpg\",\"contentUrl\":\"https:\\\/\\\/www.suvibjorkqvist.fi\\\/wp-content\\\/uploads\\\/2025\\\/07\\\/salilla-scaled.jpg\",\"width\":1920,\"height\":2560},{\"@type\":\"BreadcrumbList\",\"@id\":\"http:\\\/\\\/www.suvibjorkqvist.fi\\\/?p=141#breadcrumb\",\"itemListElement\":[{\"@type\":\"ListItem\",\"position\":1,\"name\":\"Etusivu\",\"item\":\"https:\\\/\\\/www.suvibjorkqvist.fi\\\/\"},{\"@type\":\"ListItem\",\"position\":2,\"name\":\"Oma saliohjelma\"}]},{\"@type\":\"WebSite\",\"@id\":\"https:\\\/\\\/www.suvibjorkqvist.fi\\\/#website\",\"url\":\"https:\\\/\\\/www.suvibjorkqvist.fi\\\/\",\"name\":\"Suvi B\",\"description\":\"\",\"potentialAction\":[{\"@type\":\"SearchAction\",\"target\":{\"@type\":\"EntryPoint\",\"urlTemplate\":\"https:\\\/\\\/www.suvibjorkqvist.fi\\\/?s={search_term_string}\"},\"query-input\":{\"@type\":\"PropertyValueSpecification\",\"valueRequired\":true,\"valueName\":\"search_term_string\"}}],\"inLanguage\":\"fi\"},{\"@type\":\"Person\",\"@id\":\"https:\\\/\\\/www.suvibjorkqvist.fi\\\/#\\\/schema\\\/person\\\/d6488fbfb6bc1f24322092c1330e9bc1\",\"name\":\"admin\",\"image\":{\"@type\":\"ImageObject\",\"inLanguage\":\"fi\",\"@id\":\"https:\\\/\\\/secure.gravatar.com\\\/avatar\\\/e9de7b9781bac6fb17fa81fb1558ce29073024ed437bf6fe606b087bc6c2d096?s=96&d=blank&r=g\",\"url\":\"https:\\\/\\\/secure.gravatar.com\\\/avatar\\\/e9de7b9781bac6fb17fa81fb1558ce29073024ed437bf6fe606b087bc6c2d096?s=96&d=blank&r=g\",\"contentUrl\":\"https:\\\/\\\/secure.gravatar.com\\\/avatar\\\/e9de7b9781bac6fb17fa81fb1558ce29073024ed437bf6fe606b087bc6c2d096?s=96&d=blank&r=g\",\"caption\":\"admin\"},\"sameAs\":[\"http:\\\/\\\/www.suvibjorkqvist.fi\"],\"url\":\"https:\\\/\\\/www.suvibjorkqvist.fi\\\/?author=1\"}]}<\/script>\n<!-- \/ Yoast SEO plugin. -->","yoast_head_json":{"title":"Oma saliohjelma -","robots":{"index":"index","follow":"follow","max-snippet":"max-snippet:-1","max-image-preview":"max-image-preview:large","max-video-preview":"max-video-preview:-1"},"canonical":"http:\/\/www.suvibjorkqvist.fi\/?p=141","og_locale":"fi_FI","og_type":"article","og_title":"Oma saliohjelma -","og_description":"T\u00e4ll\u00e4 hetkell\u00e4 k\u00e4rsin olkap\u00e4\u00e4n kiert\u00e4j\u00e4kalvosinoireyhtym\u00e4st\u00e4, ja odottelen sen parantumista ja treenaamisen pariin takaisin p\u00e4\u00e4sy\u00e4. T\u00e4ss\u00e4 kuitenkin jo &#8221;talteen&#8221; oma viimeisin saliohjelmani: Yl\u00e4kroppap\u00e4iv\u00e4: &#8211; Selk\u00e4: Yl\u00e4talja tai alatalja &#8211; Rinta: Chest Press -laite tai penkkipunnerrus &#8211; Ojentajat: Talja&nbsp; &#8211; Hauikset: K\u00e4sipainot &#8211; Olkap\u00e4\u00e4t: K\u00e4sipainot &#8211; Vatsa: Vatsalaite Jalkap\u00e4iv\u00e4: &#8211; Pakarat ja etureidet jne: Jalkapr\u00e4ssi &#8211; Etureidet: &hellip; Jatka lukemista \"Oma saliohjelma\"","og_url":"http:\/\/www.suvibjorkqvist.fi\/?p=141","article_published_time":"2025-07-22T06:22:51+00:00","article_modified_time":"2025-08-03T05:53:15+00:00","og_image":[{"url":"http:\/\/www.suvibjorkqvist.fi\/wp-content\/uploads\/2025\/07\/salilla-768x1024.jpg","type":"","width":"","height":""}],"author":"admin","twitter_card":"summary_large_image","twitter_misc":{"Kirjoittanut":"admin","Arvioitu lukuaika":"1 minuutti"},"schema":{"@context":"https:\/\/schema.org","@graph":[{"@type":"Article","@id":"http:\/\/www.suvibjorkqvist.fi\/?p=141#article","isPartOf":{"@id":"http:\/\/www.suvibjorkqvist.fi\/?p=141"},"author":{"name":"admin","@id":"https:\/\/www.suvibjorkqvist.fi\/#\/schema\/person\/d6488fbfb6bc1f24322092c1330e9bc1"},"headline":"Oma saliohjelma","datePublished":"2025-07-22T06:22:51+00:00","dateModified":"2025-08-03T05:53:15+00:00","mainEntityOfPage":{"@id":"http:\/\/www.suvibjorkqvist.fi\/?p=141"},"wordCount":111,"commentCount":1,"image":{"@id":"http:\/\/www.suvibjorkqvist.fi\/?p=141#primaryimage"},"thumbnailUrl":"http:\/\/www.suvibjorkqvist.fi\/wp-content\/uploads\/2025\/07\/salilla-768x1024.jpg","articleSection":["Lihaskuntoharjoittelu","Liikunta","Salilla"],"inLanguage":"fi","potentialAction":[{"@type":"CommentAction","name":"Comment","target":["http:\/\/www.suvibjorkqvist.fi\/?p=141#respond"]}]},{"@type":"WebPage","@id":"http:\/\/www.suvibjorkqvist.fi\/?p=141","url":"http:\/\/www.suvibjorkqvist.fi\/?p=141","name":"Oma saliohjelma -","isPartOf":{"@id":"https:\/\/www.suvibjorkqvist.fi\/#website"},"primaryImageOfPage":{"@id":"http:\/\/www.suvibjorkqvist.fi\/?p=141#primaryimage"},"image":{"@id":"http:\/\/www.suvibjorkqvist.fi\/?p=141#primaryimage"},"thumbnailUrl":"http:\/\/www.suvibjorkqvist.fi\/wp-content\/uploads\/2025\/07\/salilla-768x1024.jpg","datePublished":"2025-07-22T06:22:51+00:00","dateModified":"2025-08-03T05:53:15+00:00","author":{"@id":"https:\/\/www.suvibjorkqvist.fi\/#\/schema\/person\/d6488fbfb6bc1f24322092c1330e9bc1"},"breadcrumb":{"@id":"http:\/\/www.suvibjorkqvist.fi\/?p=141#breadcrumb"},"inLanguage":"fi","potentialAction":[{"@type":"ReadAction","target":["http:\/\/www.suvibjorkqvist.fi\/?p=141"]}]},{"@type":"ImageObject","inLanguage":"fi","@id":"http:\/\/www.suvibjorkqvist.fi\/?p=141#primaryimage","url":"https:\/\/www.suvibjorkqvist.fi\/wp-content\/uploads\/2025\/07\/salilla-scaled.jpg","contentUrl":"https:\/\/www.suvibjorkqvist.fi\/wp-content\/uploads\/2025\/07\/salilla-scaled.jpg","width":1920,"height":2560},{"@type":"BreadcrumbList","@id":"http:\/\/www.suvibjorkqvist.fi\/?p=141#breadcrumb","itemListElement":[{"@type":"ListItem","position":1,"name":"Etusivu","item":"https:\/\/www.suvibjorkqvist.fi\/"},{"@type":"ListItem","position":2,"name":"Oma saliohjelma"}]},{"@type":"WebSite","@id":"https:\/\/www.suvibjorkqvist.fi\/#website","url":"https:\/\/www.suvibjorkqvist.fi\/","name":"Suvi B","description":"","potentialAction":[{"@type":"SearchAction","target":{"@type":"EntryPoint","urlTemplate":"https:\/\/www.suvibjorkqvist.fi\/?s={search_term_string}"},"query-input":{"@type":"PropertyValueSpecification","valueRequired":true,"valueName":"search_term_string"}}],"inLanguage":"fi"},{"@type":"Person","@id":"https:\/\/www.suvibjorkqvist.fi\/#\/schema\/person\/d6488fbfb6bc1f24322092c1330e9bc1","name":"admin","image":{"@type":"ImageObject","inLanguage":"fi","@id":"https:\/\/secure.gravatar.com\/avatar\/e9de7b9781bac6fb17fa81fb1558ce29073024ed437bf6fe606b087bc6c2d096?s=96&d=blank&r=g","url":"https:\/\/secure.gravatar.com\/avatar\/e9de7b9781bac6fb17fa81fb1558ce29073024ed437bf6fe606b087bc6c2d096?s=96&d=blank&r=g","contentUrl":"https:\/\/secure.gravatar.com\/avatar\/e9de7b9781bac6fb17fa81fb1558ce29073024ed437bf6fe606b087bc6c2d096?s=96&d=blank&r=g","caption":"admin"},"sameAs":["http:\/\/www.suvibjorkqvist.fi"],"url":"https:\/\/www.suvibjorkqvist.fi\/?author=1"}]}},"_links":{"self":[{"href":"https:\/\/www.suvibjorkqvist.fi\/index.php?rest_route=\/wp\/v2\/posts\/141","targetHints":{"allow":["GET"]}}],"collection":[{"href":"https:\/\/www.suvibjorkqvist.fi\/index.php?rest_route=\/wp\/v2\/posts"}],"about":[{"href":"https:\/\/www.suvibjorkqvist.fi\/index.php?rest_route=\/wp\/v2\/types\/post"}],"author":[{"embeddable":true,"href":"https:\/\/www.suvibjorkqvist.fi\/index.php?rest_route=\/wp\/v2\/users\/1"}],"replies":[{"embeddable":true,"href":"https:\/\/www.suvibjorkqvist.fi\/index.php?rest_route=%2Fwp%2Fv2%2Fcomments&post=141"}],"version-history":[{"count":1,"href":"https:\/\/www.suvibjorkqvist.fi\/index.php?rest_route=\/wp\/v2\/posts\/141\/revisions"}],"predecessor-version":[{"id":143,"href":"https:\/\/www.suvibjorkqvist.fi\/index.php?rest_route=\/wp\/v2\/posts\/141\/revisions\/143"}],"wp:attachment":[{"href":"https:\/\/www.suvibjorkqvist.fi\/index.php?rest_route=%2Fwp%2Fv2%2Fmedia&parent=141"}],"wp:term":[{"taxonomy":"category","embeddable":true,"href":"https:\/\/www.suvibjorkqvist.fi\/index.php?rest_route=%2Fwp%2Fv2%2Fcategories&post=141"},{"taxonomy":"post_tag","embeddable":true,"href":"https:\/\/www.suvibjorkqvist.fi\/index.php?rest_route=%2Fwp%2Fv2%2Ftags&post=141"}],"curies":[{"name":"wp","href":"https:\/\/api.w.org\/{rel}","templated":true}]}}