{"id":147,"date":"2025-07-24T05:34:59","date_gmt":"2025-07-24T05:34:59","guid":{"rendered":"https:\/\/www.suvibjorkqvist.fi\/?p=147"},"modified":"2025-08-03T08:49:18","modified_gmt":"2025-08-03T05:49:18","slug":"serlachius-kartanolla-ja-paakonttorilla","status":"publish","type":"post","link":"https:\/\/www.suvibjorkqvist.fi\/?p=147","title":{"rendered":"Serlachius Kartanolla ja P\u00e4\u00e4konttorilla"},"content":{"rendered":"\n<figure class=\"wp-block-image size-large\"><img loading=\"lazy\" decoding=\"async\" width=\"682\" height=\"1024\" src=\"http:\/\/www.suvibjorkqvist.fi\/wp-content\/uploads\/2025\/07\/Serlachius3-682x1024.png\" alt=\"\" class=\"wp-image-150\" srcset=\"https:\/\/www.suvibjorkqvist.fi\/wp-content\/uploads\/2025\/07\/Serlachius3-682x1024.png 682w, https:\/\/www.suvibjorkqvist.fi\/wp-content\/uploads\/2025\/07\/Serlachius3-200x300.png 200w, https:\/\/www.suvibjorkqvist.fi\/wp-content\/uploads\/2025\/07\/Serlachius3-768x1152.png 768w, https:\/\/www.suvibjorkqvist.fi\/wp-content\/uploads\/2025\/07\/Serlachius3-1024x1536.png 1024w, https:\/\/www.suvibjorkqvist.fi\/wp-content\/uploads\/2025\/07\/Serlachius3-1200x1800.png 1200w, https:\/\/www.suvibjorkqvist.fi\/wp-content\/uploads\/2025\/07\/Serlachius3.png 1333w\" sizes=\"auto, (max-width: 709px) 85vw, (max-width: 909px) 67vw, (max-width: 984px) 61vw, (max-width: 1362px) 45vw, 600px\" \/><\/figure>\n\n\n\n<p>Eilinen helteinen p\u00e4iv\u00e4 vier\u00e4hti miehen kanssa Serlachius Kartanolla ja P\u00e4\u00e4konttorilla M\u00e4ntt\u00e4-Vilppulassa. <\/p>\n\n\n\n<p>Saimme n\u00e4hd\u00e4 ja kokea muun muassa tehtailija ja vuorineuvos G\u00f6sta Serlachiuksen vuonna 1935 valmistuneen edustuskodin, arkkitehtuuria, taidetta aina Albert Edelfeltist\u00e4 Akseli Gallen-Kallelan ja Helene Schjerfbeckin teoksiin, kaunista milj\u00f6\u00f6t\u00e4 ja Serlachiuksen P\u00e4\u00e4konttorin tunnelmaa keskustassa. <\/p>\n\n\n\n<p>Ehdottomasti k\u00e4ymisen arvoisia paikkoja, jos historia, taide, vanhat rakennukset ja ihmisten tarinat kiinnostavat. Vaikken ole kirjailija, niin pohdin, ett\u00e4 juuri t\u00e4llaiset kohteet voisivat her\u00e4tt\u00e4\u00e4 mieless\u00e4 tarinoita, joista kirjoittaa faktaa ja fiktiota yhdist\u00e4vi\u00e4 kirjoja. Melkein jo n\u00e4in itsekin G\u00f6stan istumassa P\u00e4\u00e4konttorin jyhke\u00e4n ty\u00f6p\u00f6yd\u00e4n \u00e4\u00e4ress\u00e4 ja iskem\u00e4ss\u00e4 nuijalla p\u00f6yt\u00e4\u00e4n tehtyjen p\u00e4\u00e4t\u00f6sten j\u00e4lkeen :). <\/p>\n\n\n\n<p>Kartanon alueella ehdimme p\u00e4iv\u00e4n aikana my\u00f6s lounastaa ja kahvitella. Ainoastaan Taidesauna j\u00e4i kokematta. Se olisi pit\u00e4nyt varata jo paljon aiemmin, emmek\u00e4 onnistuneet saman p\u00e4iv\u00e4n aikana en\u00e4\u00e4 lippuja saunaan saamaan. Paljon oli ihmisi\u00e4 liikkeell\u00e4 kyll\u00e4! Ehk\u00e4p\u00e4 seuraavalla kerralla sitten meill\u00e4kin saunan kera.<\/p>\n\n\n\n<p><\/p>\n","protected":false},"excerpt":{"rendered":"<p>Eilinen helteinen p\u00e4iv\u00e4 vier\u00e4hti miehen kanssa Serlachius Kartanolla ja P\u00e4\u00e4konttorilla M\u00e4ntt\u00e4-Vilppulassa. Saimme n\u00e4hd\u00e4 ja kokea muun muassa tehtailija ja vuorineuvos G\u00f6sta Serlachiuksen vuonna 1935 valmistuneen edustuskodin, arkkitehtuuria, taidetta aina Albert Edelfeltist\u00e4 Akseli Gallen-Kallelan ja Helene Schjerfbeckin teoksiin, kaunista milj\u00f6\u00f6t\u00e4 ja Serlachiuksen P\u00e4\u00e4konttorin tunnelmaa keskustassa. Ehdottomasti k\u00e4ymisen arvoisia paikkoja, jos historia, taide, vanhat rakennukset ja ihmisten &hellip; <a href=\"https:\/\/www.suvibjorkqvist.fi\/?p=147\" class=\"more-link\">Jatka lukemista<span class=\"screen-reader-text\"> &#8221;Serlachius Kartanolla ja P\u00e4\u00e4konttorilla&#8221;<\/span><\/a><\/p>\n","protected":false},"author":1,"featured_media":0,"comment_status":"open","ping_status":"open","sticky":false,"template":"","format":"standard","meta":{"footnotes":""},"categories":[38,37],"tags":[],"class_list":["post-147","post","type-post","status-publish","format-standard","hentry","category-nahtavyys","category-serlachius"],"yoast_head":"<!-- This site is optimized with the Yoast SEO plugin v27.4 - https:\/\/yoast.com\/product\/yoast-seo-wordpress\/ -->\n<title>Serlachius Kartanolla ja P\u00e4\u00e4konttorilla -<\/title>\n<meta name=\"robots\" content=\"index, follow, max-snippet:-1, max-image-preview:large, max-video-preview:-1\" \/>\n<link rel=\"canonical\" href=\"https:\/\/www.suvibjorkqvist.fi\/?p=147\" \/>\n<meta property=\"og:locale\" content=\"fi_FI\" \/>\n<meta property=\"og:type\" content=\"article\" \/>\n<meta property=\"og:title\" content=\"Serlachius Kartanolla ja P\u00e4\u00e4konttorilla -\" \/>\n<meta property=\"og:description\" content=\"Eilinen helteinen p\u00e4iv\u00e4 vier\u00e4hti miehen kanssa Serlachius Kartanolla ja P\u00e4\u00e4konttorilla M\u00e4ntt\u00e4-Vilppulassa. Saimme n\u00e4hd\u00e4 ja kokea muun muassa tehtailija ja vuorineuvos G\u00f6sta Serlachiuksen vuonna 1935 valmistuneen edustuskodin, arkkitehtuuria, taidetta aina Albert Edelfeltist\u00e4 Akseli Gallen-Kallelan ja Helene Schjerfbeckin teoksiin, kaunista milj\u00f6\u00f6t\u00e4 ja Serlachiuksen P\u00e4\u00e4konttorin tunnelmaa keskustassa. Ehdottomasti k\u00e4ymisen arvoisia paikkoja, jos historia, taide, vanhat rakennukset ja ihmisten &hellip; Jatka lukemista &quot;Serlachius Kartanolla ja P\u00e4\u00e4konttorilla&quot;\" \/>\n<meta property=\"og:url\" content=\"https:\/\/www.suvibjorkqvist.fi\/?p=147\" \/>\n<meta property=\"article:published_time\" content=\"2025-07-24T05:34:59+00:00\" \/>\n<meta property=\"article:modified_time\" content=\"2025-08-03T05:49:18+00:00\" \/>\n<meta property=\"og:image\" content=\"http:\/\/www.suvibjorkqvist.fi\/wp-content\/uploads\/2025\/07\/Serlachius3-682x1024.png\" \/>\n<meta name=\"author\" content=\"admin\" \/>\n<meta name=\"twitter:card\" content=\"summary_large_image\" \/>\n<meta name=\"twitter:label1\" content=\"Kirjoittanut\" \/>\n\t<meta name=\"twitter:data1\" content=\"admin\" \/>\n\t<meta name=\"twitter:label2\" content=\"Arvioitu lukuaika\" \/>\n\t<meta name=\"twitter:data2\" content=\"2 minuuttia\" \/>\n<script type=\"application\/ld+json\" class=\"yoast-schema-graph\">{\"@context\":\"https:\\\/\\\/schema.org\",\"@graph\":[{\"@type\":\"Article\",\"@id\":\"https:\\\/\\\/www.suvibjorkqvist.fi\\\/?p=147#article\",\"isPartOf\":{\"@id\":\"https:\\\/\\\/www.suvibjorkqvist.fi\\\/?p=147\"},\"author\":{\"name\":\"admin\",\"@id\":\"https:\\\/\\\/www.suvibjorkqvist.fi\\\/#\\\/schema\\\/person\\\/d6488fbfb6bc1f24322092c1330e9bc1\"},\"headline\":\"Serlachius Kartanolla ja P\u00e4\u00e4konttorilla\",\"datePublished\":\"2025-07-24T05:34:59+00:00\",\"dateModified\":\"2025-08-03T05:49:18+00:00\",\"mainEntityOfPage\":{\"@id\":\"https:\\\/\\\/www.suvibjorkqvist.fi\\\/?p=147\"},\"wordCount\":174,\"commentCount\":0,\"image\":{\"@id\":\"https:\\\/\\\/www.suvibjorkqvist.fi\\\/?p=147#primaryimage\"},\"thumbnailUrl\":\"http:\\\/\\\/www.suvibjorkqvist.fi\\\/wp-content\\\/uploads\\\/2025\\\/07\\\/Serlachius3-682x1024.png\",\"articleSection\":[\"N\u00e4ht\u00e4vyys\",\"Serlachius\"],\"inLanguage\":\"fi\",\"potentialAction\":[{\"@type\":\"CommentAction\",\"name\":\"Comment\",\"target\":[\"https:\\\/\\\/www.suvibjorkqvist.fi\\\/?p=147#respond\"]}]},{\"@type\":\"WebPage\",\"@id\":\"https:\\\/\\\/www.suvibjorkqvist.fi\\\/?p=147\",\"url\":\"https:\\\/\\\/www.suvibjorkqvist.fi\\\/?p=147\",\"name\":\"Serlachius Kartanolla ja P\u00e4\u00e4konttorilla -\",\"isPartOf\":{\"@id\":\"https:\\\/\\\/www.suvibjorkqvist.fi\\\/#website\"},\"primaryImageOfPage\":{\"@id\":\"https:\\\/\\\/www.suvibjorkqvist.fi\\\/?p=147#primaryimage\"},\"image\":{\"@id\":\"https:\\\/\\\/www.suvibjorkqvist.fi\\\/?p=147#primaryimage\"},\"thumbnailUrl\":\"http:\\\/\\\/www.suvibjorkqvist.fi\\\/wp-content\\\/uploads\\\/2025\\\/07\\\/Serlachius3-682x1024.png\",\"datePublished\":\"2025-07-24T05:34:59+00:00\",\"dateModified\":\"2025-08-03T05:49:18+00:00\",\"author\":{\"@id\":\"https:\\\/\\\/www.suvibjorkqvist.fi\\\/#\\\/schema\\\/person\\\/d6488fbfb6bc1f24322092c1330e9bc1\"},\"breadcrumb\":{\"@id\":\"https:\\\/\\\/www.suvibjorkqvist.fi\\\/?p=147#breadcrumb\"},\"inLanguage\":\"fi\",\"potentialAction\":[{\"@type\":\"ReadAction\",\"target\":[\"https:\\\/\\\/www.suvibjorkqvist.fi\\\/?p=147\"]}]},{\"@type\":\"ImageObject\",\"inLanguage\":\"fi\",\"@id\":\"https:\\\/\\\/www.suvibjorkqvist.fi\\\/?p=147#primaryimage\",\"url\":\"https:\\\/\\\/www.suvibjorkqvist.fi\\\/wp-content\\\/uploads\\\/2025\\\/07\\\/Serlachius3.png\",\"contentUrl\":\"https:\\\/\\\/www.suvibjorkqvist.fi\\\/wp-content\\\/uploads\\\/2025\\\/07\\\/Serlachius3.png\",\"width\":1333,\"height\":2000},{\"@type\":\"BreadcrumbList\",\"@id\":\"https:\\\/\\\/www.suvibjorkqvist.fi\\\/?p=147#breadcrumb\",\"itemListElement\":[{\"@type\":\"ListItem\",\"position\":1,\"name\":\"Etusivu\",\"item\":\"https:\\\/\\\/www.suvibjorkqvist.fi\\\/\"},{\"@type\":\"ListItem\",\"position\":2,\"name\":\"Serlachius Kartanolla ja P\u00e4\u00e4konttorilla\"}]},{\"@type\":\"WebSite\",\"@id\":\"https:\\\/\\\/www.suvibjorkqvist.fi\\\/#website\",\"url\":\"https:\\\/\\\/www.suvibjorkqvist.fi\\\/\",\"name\":\"Suvi B\",\"description\":\"\",\"potentialAction\":[{\"@type\":\"SearchAction\",\"target\":{\"@type\":\"EntryPoint\",\"urlTemplate\":\"https:\\\/\\\/www.suvibjorkqvist.fi\\\/?s={search_term_string}\"},\"query-input\":{\"@type\":\"PropertyValueSpecification\",\"valueRequired\":true,\"valueName\":\"search_term_string\"}}],\"inLanguage\":\"fi\"},{\"@type\":\"Person\",\"@id\":\"https:\\\/\\\/www.suvibjorkqvist.fi\\\/#\\\/schema\\\/person\\\/d6488fbfb6bc1f24322092c1330e9bc1\",\"name\":\"admin\",\"image\":{\"@type\":\"ImageObject\",\"inLanguage\":\"fi\",\"@id\":\"https:\\\/\\\/secure.gravatar.com\\\/avatar\\\/e9de7b9781bac6fb17fa81fb1558ce29073024ed437bf6fe606b087bc6c2d096?s=96&d=blank&r=g\",\"url\":\"https:\\\/\\\/secure.gravatar.com\\\/avatar\\\/e9de7b9781bac6fb17fa81fb1558ce29073024ed437bf6fe606b087bc6c2d096?s=96&d=blank&r=g\",\"contentUrl\":\"https:\\\/\\\/secure.gravatar.com\\\/avatar\\\/e9de7b9781bac6fb17fa81fb1558ce29073024ed437bf6fe606b087bc6c2d096?s=96&d=blank&r=g\",\"caption\":\"admin\"},\"sameAs\":[\"http:\\\/\\\/www.suvibjorkqvist.fi\"],\"url\":\"https:\\\/\\\/www.suvibjorkqvist.fi\\\/?author=1\"}]}<\/script>\n<!-- \/ Yoast SEO plugin. -->","yoast_head_json":{"title":"Serlachius Kartanolla ja P\u00e4\u00e4konttorilla -","robots":{"index":"index","follow":"follow","max-snippet":"max-snippet:-1","max-image-preview":"max-image-preview:large","max-video-preview":"max-video-preview:-1"},"canonical":"https:\/\/www.suvibjorkqvist.fi\/?p=147","og_locale":"fi_FI","og_type":"article","og_title":"Serlachius Kartanolla ja P\u00e4\u00e4konttorilla -","og_description":"Eilinen helteinen p\u00e4iv\u00e4 vier\u00e4hti miehen kanssa Serlachius Kartanolla ja P\u00e4\u00e4konttorilla M\u00e4ntt\u00e4-Vilppulassa. Saimme n\u00e4hd\u00e4 ja kokea muun muassa tehtailija ja vuorineuvos G\u00f6sta Serlachiuksen vuonna 1935 valmistuneen edustuskodin, arkkitehtuuria, taidetta aina Albert Edelfeltist\u00e4 Akseli Gallen-Kallelan ja Helene Schjerfbeckin teoksiin, kaunista milj\u00f6\u00f6t\u00e4 ja Serlachiuksen P\u00e4\u00e4konttorin tunnelmaa keskustassa. Ehdottomasti k\u00e4ymisen arvoisia paikkoja, jos historia, taide, vanhat rakennukset ja ihmisten &hellip; Jatka lukemista \"Serlachius Kartanolla ja P\u00e4\u00e4konttorilla\"","og_url":"https:\/\/www.suvibjorkqvist.fi\/?p=147","article_published_time":"2025-07-24T05:34:59+00:00","article_modified_time":"2025-08-03T05:49:18+00:00","og_image":[{"url":"http:\/\/www.suvibjorkqvist.fi\/wp-content\/uploads\/2025\/07\/Serlachius3-682x1024.png","type":"","width":"","height":""}],"author":"admin","twitter_card":"summary_large_image","twitter_misc":{"Kirjoittanut":"admin","Arvioitu lukuaika":"2 minuuttia"},"schema":{"@context":"https:\/\/schema.org","@graph":[{"@type":"Article","@id":"https:\/\/www.suvibjorkqvist.fi\/?p=147#article","isPartOf":{"@id":"https:\/\/www.suvibjorkqvist.fi\/?p=147"},"author":{"name":"admin","@id":"https:\/\/www.suvibjorkqvist.fi\/#\/schema\/person\/d6488fbfb6bc1f24322092c1330e9bc1"},"headline":"Serlachius Kartanolla ja P\u00e4\u00e4konttorilla","datePublished":"2025-07-24T05:34:59+00:00","dateModified":"2025-08-03T05:49:18+00:00","mainEntityOfPage":{"@id":"https:\/\/www.suvibjorkqvist.fi\/?p=147"},"wordCount":174,"commentCount":0,"image":{"@id":"https:\/\/www.suvibjorkqvist.fi\/?p=147#primaryimage"},"thumbnailUrl":"http:\/\/www.suvibjorkqvist.fi\/wp-content\/uploads\/2025\/07\/Serlachius3-682x1024.png","articleSection":["N\u00e4ht\u00e4vyys","Serlachius"],"inLanguage":"fi","potentialAction":[{"@type":"CommentAction","name":"Comment","target":["https:\/\/www.suvibjorkqvist.fi\/?p=147#respond"]}]},{"@type":"WebPage","@id":"https:\/\/www.suvibjorkqvist.fi\/?p=147","url":"https:\/\/www.suvibjorkqvist.fi\/?p=147","name":"Serlachius Kartanolla ja P\u00e4\u00e4konttorilla -","isPartOf":{"@id":"https:\/\/www.suvibjorkqvist.fi\/#website"},"primaryImageOfPage":{"@id":"https:\/\/www.suvibjorkqvist.fi\/?p=147#primaryimage"},"image":{"@id":"https:\/\/www.suvibjorkqvist.fi\/?p=147#primaryimage"},"thumbnailUrl":"http:\/\/www.suvibjorkqvist.fi\/wp-content\/uploads\/2025\/07\/Serlachius3-682x1024.png","datePublished":"2025-07-24T05:34:59+00:00","dateModified":"2025-08-03T05:49:18+00:00","author":{"@id":"https:\/\/www.suvibjorkqvist.fi\/#\/schema\/person\/d6488fbfb6bc1f24322092c1330e9bc1"},"breadcrumb":{"@id":"https:\/\/www.suvibjorkqvist.fi\/?p=147#breadcrumb"},"inLanguage":"fi","potentialAction":[{"@type":"ReadAction","target":["https:\/\/www.suvibjorkqvist.fi\/?p=147"]}]},{"@type":"ImageObject","inLanguage":"fi","@id":"https:\/\/www.suvibjorkqvist.fi\/?p=147#primaryimage","url":"https:\/\/www.suvibjorkqvist.fi\/wp-content\/uploads\/2025\/07\/Serlachius3.png","contentUrl":"https:\/\/www.suvibjorkqvist.fi\/wp-content\/uploads\/2025\/07\/Serlachius3.png","width":1333,"height":2000},{"@type":"BreadcrumbList","@id":"https:\/\/www.suvibjorkqvist.fi\/?p=147#breadcrumb","itemListElement":[{"@type":"ListItem","position":1,"name":"Etusivu","item":"https:\/\/www.suvibjorkqvist.fi\/"},{"@type":"ListItem","position":2,"name":"Serlachius Kartanolla ja P\u00e4\u00e4konttorilla"}]},{"@type":"WebSite","@id":"https:\/\/www.suvibjorkqvist.fi\/#website","url":"https:\/\/www.suvibjorkqvist.fi\/","name":"Suvi B","description":"","potentialAction":[{"@type":"SearchAction","target":{"@type":"EntryPoint","urlTemplate":"https:\/\/www.suvibjorkqvist.fi\/?s={search_term_string}"},"query-input":{"@type":"PropertyValueSpecification","valueRequired":true,"valueName":"search_term_string"}}],"inLanguage":"fi"},{"@type":"Person","@id":"https:\/\/www.suvibjorkqvist.fi\/#\/schema\/person\/d6488fbfb6bc1f24322092c1330e9bc1","name":"admin","image":{"@type":"ImageObject","inLanguage":"fi","@id":"https:\/\/secure.gravatar.com\/avatar\/e9de7b9781bac6fb17fa81fb1558ce29073024ed437bf6fe606b087bc6c2d096?s=96&d=blank&r=g","url":"https:\/\/secure.gravatar.com\/avatar\/e9de7b9781bac6fb17fa81fb1558ce29073024ed437bf6fe606b087bc6c2d096?s=96&d=blank&r=g","contentUrl":"https:\/\/secure.gravatar.com\/avatar\/e9de7b9781bac6fb17fa81fb1558ce29073024ed437bf6fe606b087bc6c2d096?s=96&d=blank&r=g","caption":"admin"},"sameAs":["http:\/\/www.suvibjorkqvist.fi"],"url":"https:\/\/www.suvibjorkqvist.fi\/?author=1"}]}},"_links":{"self":[{"href":"https:\/\/www.suvibjorkqvist.fi\/index.php?rest_route=\/wp\/v2\/posts\/147","targetHints":{"allow":["GET"]}}],"collection":[{"href":"https:\/\/www.suvibjorkqvist.fi\/index.php?rest_route=\/wp\/v2\/posts"}],"about":[{"href":"https:\/\/www.suvibjorkqvist.fi\/index.php?rest_route=\/wp\/v2\/types\/post"}],"author":[{"embeddable":true,"href":"https:\/\/www.suvibjorkqvist.fi\/index.php?rest_route=\/wp\/v2\/users\/1"}],"replies":[{"embeddable":true,"href":"https:\/\/www.suvibjorkqvist.fi\/index.php?rest_route=%2Fwp%2Fv2%2Fcomments&post=147"}],"version-history":[{"count":2,"href":"https:\/\/www.suvibjorkqvist.fi\/index.php?rest_route=\/wp\/v2\/posts\/147\/revisions"}],"predecessor-version":[{"id":152,"href":"https:\/\/www.suvibjorkqvist.fi\/index.php?rest_route=\/wp\/v2\/posts\/147\/revisions\/152"}],"wp:attachment":[{"href":"https:\/\/www.suvibjorkqvist.fi\/index.php?rest_route=%2Fwp%2Fv2%2Fmedia&parent=147"}],"wp:term":[{"taxonomy":"category","embeddable":true,"href":"https:\/\/www.suvibjorkqvist.fi\/index.php?rest_route=%2Fwp%2Fv2%2Fcategories&post=147"},{"taxonomy":"post_tag","embeddable":true,"href":"https:\/\/www.suvibjorkqvist.fi\/index.php?rest_route=%2Fwp%2Fv2%2Ftags&post=147"}],"curies":[{"name":"wp","href":"https:\/\/api.w.org\/{rel}","templated":true}]}}