{"id":153,"date":"2025-07-25T05:36:40","date_gmt":"2025-07-25T05:36:40","guid":{"rendered":"https:\/\/www.suvibjorkqvist.fi\/?p=153"},"modified":"2025-08-03T08:47:02","modified_gmt":"2025-08-03T05:47:02","slug":"matala-ferritiiniarvo","status":"publish","type":"post","link":"https:\/\/www.suvibjorkqvist.fi\/?p=153","title":{"rendered":"Matala ferritiiniarvo"},"content":{"rendered":"\n<figure class=\"wp-block-image size-large wp-duotone-unset-1\"><img loading=\"lazy\" decoding=\"async\" width=\"768\" height=\"1024\" src=\"http:\/\/www.suvibjorkqvist.fi\/wp-content\/uploads\/2025\/07\/Suvi-768x1024.jpg\" alt=\"\" class=\"wp-image-154\" srcset=\"https:\/\/www.suvibjorkqvist.fi\/wp-content\/uploads\/2025\/07\/Suvi-768x1024.jpg 768w, https:\/\/www.suvibjorkqvist.fi\/wp-content\/uploads\/2025\/07\/Suvi-225x300.jpg 225w, https:\/\/www.suvibjorkqvist.fi\/wp-content\/uploads\/2025\/07\/Suvi-1152x1536.jpg 1152w, https:\/\/www.suvibjorkqvist.fi\/wp-content\/uploads\/2025\/07\/Suvi-1536x2048.jpg 1536w, https:\/\/www.suvibjorkqvist.fi\/wp-content\/uploads\/2025\/07\/Suvi-1200x1600.jpg 1200w, https:\/\/www.suvibjorkqvist.fi\/wp-content\/uploads\/2025\/07\/Suvi-scaled.jpg 1920w\" sizes=\"auto, (max-width: 709px) 85vw, (max-width: 909px) 67vw, (max-width: 984px) 61vw, (max-width: 1362px) 45vw, 600px\" \/><\/figure>\n\n\n\n<p>K\u00e4rsin koko viime talven ja kev\u00e4\u00e4n erilaisista oireista, erityisesti v\u00e4symyksest\u00e4 ja uupumuksesta, mutta ajoittain my\u00f6s esimerkiksi n\u00e4r\u00e4styksest\u00e4 ja syd\u00e4men tykyttelyst\u00e4. Ajattelin oireiden johtuvan esivaihdevuosioireista. Lis\u00e4ksi &#8221;positiivinen ty\u00f6uupumus&#8221; k\u00e4v\u00e4isi mieless\u00e4. Erityisesti kev\u00e4t oli t\u00f6iden osalta lennokasta aikaa, ja vaikka ty\u00f6 onkin minulle ennemminkin intohimo kuin pakollinen paha, niin tiedossa on, ett\u00e4 my\u00f6s se voi uuvuttaa.<\/p>\n\n\n\n<p>Hainkin ja sainkin moniin fyysisiin oireisiin kev\u00e4ttalven aikana apua, muun muassa esivaihdevuosioireisiin (n\u00e4ist\u00e4 joskus my\u00f6hemmin lis\u00e4\u00e4), mutta v\u00e4symys vaan jatkui. Lopulta p\u00e4\u00e4dyin itse hakeutumaan yksityiselle puolelle laajoihin verikokeisiin. <\/p>\n\n\n\n<p>Hieman yll\u00e4tykseksi kokeissa l\u00f6ytyi matala ferritiiniarvo. Yll\u00e4tykseksi siksi, etten ollut osannut t\u00e4llaista edes ajatella. Mieless\u00e4 oli k\u00e4ynyt kyll\u00e4 monenlaista muuta vaihtoehtoa, kuten poikkeavat kilpirauhasarvot tai koholla oleva verensokeri, mutta ne olivatkin kunnossa. <\/p>\n\n\n\n<p>Ferritiini kertoo arkikielell\u00e4 elimist\u00f6n rautavarastojen m\u00e4\u00e4r\u00e4st\u00e4. <a href=\"https:\/\/www.potilaanlaakarilehti.fi\/uutiset\/mita-tarkoittaa-ferritiini\/\">Potilaan l\u00e4\u00e4k\u00e4rilehden <\/a>mukaan ehdotonta ferritiiniarvoa, joka kertoo raudanpuutteesta, on vaikea m\u00e4\u00e4ritell\u00e4. Useimmiten ferritiinin raja-arvona pidet\u00e4\u00e4n 30 \u00b5g\/l, joka kertoo raudanpuutteesta (itsell\u00e4ni t\u00e4m\u00e4 arvo alittui). Matalan ferritiiniarvon oireista yksi on juurikin v\u00e4symys ja jaksamattomuus, mutta oirekuva voi olla laaja.<\/p>\n\n\n\n<p>Niinp\u00e4 aloitin rautakuurin. T\u00e4ll\u00e4 hetkell\u00e4 minulla menee SiderAL FORTE, joka sis\u00e4lt\u00e4\u00e4 rautaa ja C-vitamiinia. Jatkossa sitten seuraillaan, miten tilanne alkaa kehitty\u00e4. <\/p>\n\n\n\n<p>Onko sinulla kokemusta matalasta ferritiiniarvosta ja sen vaikutuksista vointiin? Kuinka nopeasti rautakuuri alkoi oireisiin auttamaan?<\/p>\n\n\n\n<p><\/p>\n","protected":false},"excerpt":{"rendered":"<p>K\u00e4rsin koko viime talven ja kev\u00e4\u00e4n erilaisista oireista, erityisesti v\u00e4symyksest\u00e4 ja uupumuksesta, mutta ajoittain my\u00f6s esimerkiksi n\u00e4r\u00e4styksest\u00e4 ja syd\u00e4men tykyttelyst\u00e4. Ajattelin oireiden johtuvan esivaihdevuosioireista. Lis\u00e4ksi &#8221;positiivinen ty\u00f6uupumus&#8221; k\u00e4v\u00e4isi mieless\u00e4. Erityisesti kev\u00e4t oli t\u00f6iden osalta lennokasta aikaa, ja vaikka ty\u00f6 onkin minulle ennemminkin intohimo kuin pakollinen paha, niin tiedossa on, ett\u00e4 my\u00f6s se voi uuvuttaa. Hainkin &hellip; <a href=\"https:\/\/www.suvibjorkqvist.fi\/?p=153\" class=\"more-link\">Jatka lukemista<span class=\"screen-reader-text\"> &#8221;Matala ferritiiniarvo&#8221;<\/span><\/a><\/p>\n","protected":false},"author":1,"featured_media":0,"comment_status":"open","ping_status":"open","sticky":false,"template":"","format":"standard","meta":{"footnotes":""},"categories":[24,1,26],"tags":[],"class_list":["post-153","post","type-post","status-publish","format-standard","hentry","category-ferritiiniarvo","category-hyvinvointi","category-vasymys"],"yoast_head":"<!-- This site is optimized with the Yoast SEO plugin v27.4 - https:\/\/yoast.com\/product\/yoast-seo-wordpress\/ -->\n<title>Matala ferritiiniarvo -<\/title>\n<meta name=\"robots\" content=\"index, follow, max-snippet:-1, max-image-preview:large, max-video-preview:-1\" \/>\n<link rel=\"canonical\" href=\"https:\/\/www.suvibjorkqvist.fi\/?p=153\" \/>\n<meta property=\"og:locale\" content=\"fi_FI\" \/>\n<meta property=\"og:type\" content=\"article\" \/>\n<meta property=\"og:title\" content=\"Matala ferritiiniarvo -\" \/>\n<meta property=\"og:description\" content=\"K\u00e4rsin koko viime talven ja kev\u00e4\u00e4n erilaisista oireista, erityisesti v\u00e4symyksest\u00e4 ja uupumuksesta, mutta ajoittain my\u00f6s esimerkiksi n\u00e4r\u00e4styksest\u00e4 ja syd\u00e4men tykyttelyst\u00e4. Ajattelin oireiden johtuvan esivaihdevuosioireista. Lis\u00e4ksi &#8221;positiivinen ty\u00f6uupumus&#8221; k\u00e4v\u00e4isi mieless\u00e4. Erityisesti kev\u00e4t oli t\u00f6iden osalta lennokasta aikaa, ja vaikka ty\u00f6 onkin minulle ennemminkin intohimo kuin pakollinen paha, niin tiedossa on, ett\u00e4 my\u00f6s se voi uuvuttaa. Hainkin &hellip; Jatka lukemista &quot;Matala ferritiiniarvo&quot;\" \/>\n<meta property=\"og:url\" content=\"https:\/\/www.suvibjorkqvist.fi\/?p=153\" \/>\n<meta property=\"article:published_time\" content=\"2025-07-25T05:36:40+00:00\" \/>\n<meta property=\"article:modified_time\" content=\"2025-08-03T05:47:02+00:00\" \/>\n<meta property=\"og:image\" content=\"http:\/\/www.suvibjorkqvist.fi\/wp-content\/uploads\/2025\/07\/Suvi-768x1024.jpg\" \/>\n<meta name=\"author\" content=\"admin\" \/>\n<meta name=\"twitter:card\" content=\"summary_large_image\" \/>\n<meta name=\"twitter:label1\" content=\"Kirjoittanut\" \/>\n\t<meta name=\"twitter:data1\" content=\"admin\" \/>\n\t<meta name=\"twitter:label2\" content=\"Arvioitu lukuaika\" \/>\n\t<meta name=\"twitter:data2\" content=\"2 minuuttia\" \/>\n<script type=\"application\/ld+json\" class=\"yoast-schema-graph\">{\"@context\":\"https:\\\/\\\/schema.org\",\"@graph\":[{\"@type\":\"Article\",\"@id\":\"https:\\\/\\\/www.suvibjorkqvist.fi\\\/?p=153#article\",\"isPartOf\":{\"@id\":\"https:\\\/\\\/www.suvibjorkqvist.fi\\\/?p=153\"},\"author\":{\"name\":\"admin\",\"@id\":\"https:\\\/\\\/www.suvibjorkqvist.fi\\\/#\\\/schema\\\/person\\\/d6488fbfb6bc1f24322092c1330e9bc1\"},\"headline\":\"Matala ferritiiniarvo\",\"datePublished\":\"2025-07-25T05:36:40+00:00\",\"dateModified\":\"2025-08-03T05:47:02+00:00\",\"mainEntityOfPage\":{\"@id\":\"https:\\\/\\\/www.suvibjorkqvist.fi\\\/?p=153\"},\"wordCount\":232,\"commentCount\":3,\"image\":{\"@id\":\"https:\\\/\\\/www.suvibjorkqvist.fi\\\/?p=153#primaryimage\"},\"thumbnailUrl\":\"http:\\\/\\\/www.suvibjorkqvist.fi\\\/wp-content\\\/uploads\\\/2025\\\/07\\\/Suvi-768x1024.jpg\",\"articleSection\":[\"Ferritiiniarvo\",\"Hyvinvointi\",\"V\u00e4symys\"],\"inLanguage\":\"fi\",\"potentialAction\":[{\"@type\":\"CommentAction\",\"name\":\"Comment\",\"target\":[\"https:\\\/\\\/www.suvibjorkqvist.fi\\\/?p=153#respond\"]}]},{\"@type\":\"WebPage\",\"@id\":\"https:\\\/\\\/www.suvibjorkqvist.fi\\\/?p=153\",\"url\":\"https:\\\/\\\/www.suvibjorkqvist.fi\\\/?p=153\",\"name\":\"Matala ferritiiniarvo -\",\"isPartOf\":{\"@id\":\"https:\\\/\\\/www.suvibjorkqvist.fi\\\/#website\"},\"primaryImageOfPage\":{\"@id\":\"https:\\\/\\\/www.suvibjorkqvist.fi\\\/?p=153#primaryimage\"},\"image\":{\"@id\":\"https:\\\/\\\/www.suvibjorkqvist.fi\\\/?p=153#primaryimage\"},\"thumbnailUrl\":\"http:\\\/\\\/www.suvibjorkqvist.fi\\\/wp-content\\\/uploads\\\/2025\\\/07\\\/Suvi-768x1024.jpg\",\"datePublished\":\"2025-07-25T05:36:40+00:00\",\"dateModified\":\"2025-08-03T05:47:02+00:00\",\"author\":{\"@id\":\"https:\\\/\\\/www.suvibjorkqvist.fi\\\/#\\\/schema\\\/person\\\/d6488fbfb6bc1f24322092c1330e9bc1\"},\"breadcrumb\":{\"@id\":\"https:\\\/\\\/www.suvibjorkqvist.fi\\\/?p=153#breadcrumb\"},\"inLanguage\":\"fi\",\"potentialAction\":[{\"@type\":\"ReadAction\",\"target\":[\"https:\\\/\\\/www.suvibjorkqvist.fi\\\/?p=153\"]}]},{\"@type\":\"ImageObject\",\"inLanguage\":\"fi\",\"@id\":\"https:\\\/\\\/www.suvibjorkqvist.fi\\\/?p=153#primaryimage\",\"url\":\"https:\\\/\\\/www.suvibjorkqvist.fi\\\/wp-content\\\/uploads\\\/2025\\\/07\\\/Suvi-scaled.jpg\",\"contentUrl\":\"https:\\\/\\\/www.suvibjorkqvist.fi\\\/wp-content\\\/uploads\\\/2025\\\/07\\\/Suvi-scaled.jpg\",\"width\":1920,\"height\":2560},{\"@type\":\"BreadcrumbList\",\"@id\":\"https:\\\/\\\/www.suvibjorkqvist.fi\\\/?p=153#breadcrumb\",\"itemListElement\":[{\"@type\":\"ListItem\",\"position\":1,\"name\":\"Etusivu\",\"item\":\"https:\\\/\\\/www.suvibjorkqvist.fi\\\/\"},{\"@type\":\"ListItem\",\"position\":2,\"name\":\"Matala ferritiiniarvo\"}]},{\"@type\":\"WebSite\",\"@id\":\"https:\\\/\\\/www.suvibjorkqvist.fi\\\/#website\",\"url\":\"https:\\\/\\\/www.suvibjorkqvist.fi\\\/\",\"name\":\"Suvi B\",\"description\":\"\",\"potentialAction\":[{\"@type\":\"SearchAction\",\"target\":{\"@type\":\"EntryPoint\",\"urlTemplate\":\"https:\\\/\\\/www.suvibjorkqvist.fi\\\/?s={search_term_string}\"},\"query-input\":{\"@type\":\"PropertyValueSpecification\",\"valueRequired\":true,\"valueName\":\"search_term_string\"}}],\"inLanguage\":\"fi\"},{\"@type\":\"Person\",\"@id\":\"https:\\\/\\\/www.suvibjorkqvist.fi\\\/#\\\/schema\\\/person\\\/d6488fbfb6bc1f24322092c1330e9bc1\",\"name\":\"admin\",\"image\":{\"@type\":\"ImageObject\",\"inLanguage\":\"fi\",\"@id\":\"https:\\\/\\\/secure.gravatar.com\\\/avatar\\\/e9de7b9781bac6fb17fa81fb1558ce29073024ed437bf6fe606b087bc6c2d096?s=96&d=blank&r=g\",\"url\":\"https:\\\/\\\/secure.gravatar.com\\\/avatar\\\/e9de7b9781bac6fb17fa81fb1558ce29073024ed437bf6fe606b087bc6c2d096?s=96&d=blank&r=g\",\"contentUrl\":\"https:\\\/\\\/secure.gravatar.com\\\/avatar\\\/e9de7b9781bac6fb17fa81fb1558ce29073024ed437bf6fe606b087bc6c2d096?s=96&d=blank&r=g\",\"caption\":\"admin\"},\"sameAs\":[\"http:\\\/\\\/www.suvibjorkqvist.fi\"],\"url\":\"https:\\\/\\\/www.suvibjorkqvist.fi\\\/?author=1\"}]}<\/script>\n<!-- \/ Yoast SEO plugin. -->","yoast_head_json":{"title":"Matala ferritiiniarvo -","robots":{"index":"index","follow":"follow","max-snippet":"max-snippet:-1","max-image-preview":"max-image-preview:large","max-video-preview":"max-video-preview:-1"},"canonical":"https:\/\/www.suvibjorkqvist.fi\/?p=153","og_locale":"fi_FI","og_type":"article","og_title":"Matala ferritiiniarvo -","og_description":"K\u00e4rsin koko viime talven ja kev\u00e4\u00e4n erilaisista oireista, erityisesti v\u00e4symyksest\u00e4 ja uupumuksesta, mutta ajoittain my\u00f6s esimerkiksi n\u00e4r\u00e4styksest\u00e4 ja syd\u00e4men tykyttelyst\u00e4. Ajattelin oireiden johtuvan esivaihdevuosioireista. Lis\u00e4ksi &#8221;positiivinen ty\u00f6uupumus&#8221; k\u00e4v\u00e4isi mieless\u00e4. Erityisesti kev\u00e4t oli t\u00f6iden osalta lennokasta aikaa, ja vaikka ty\u00f6 onkin minulle ennemminkin intohimo kuin pakollinen paha, niin tiedossa on, ett\u00e4 my\u00f6s se voi uuvuttaa. Hainkin &hellip; Jatka lukemista \"Matala ferritiiniarvo\"","og_url":"https:\/\/www.suvibjorkqvist.fi\/?p=153","article_published_time":"2025-07-25T05:36:40+00:00","article_modified_time":"2025-08-03T05:47:02+00:00","og_image":[{"url":"http:\/\/www.suvibjorkqvist.fi\/wp-content\/uploads\/2025\/07\/Suvi-768x1024.jpg","type":"","width":"","height":""}],"author":"admin","twitter_card":"summary_large_image","twitter_misc":{"Kirjoittanut":"admin","Arvioitu lukuaika":"2 minuuttia"},"schema":{"@context":"https:\/\/schema.org","@graph":[{"@type":"Article","@id":"https:\/\/www.suvibjorkqvist.fi\/?p=153#article","isPartOf":{"@id":"https:\/\/www.suvibjorkqvist.fi\/?p=153"},"author":{"name":"admin","@id":"https:\/\/www.suvibjorkqvist.fi\/#\/schema\/person\/d6488fbfb6bc1f24322092c1330e9bc1"},"headline":"Matala ferritiiniarvo","datePublished":"2025-07-25T05:36:40+00:00","dateModified":"2025-08-03T05:47:02+00:00","mainEntityOfPage":{"@id":"https:\/\/www.suvibjorkqvist.fi\/?p=153"},"wordCount":232,"commentCount":3,"image":{"@id":"https:\/\/www.suvibjorkqvist.fi\/?p=153#primaryimage"},"thumbnailUrl":"http:\/\/www.suvibjorkqvist.fi\/wp-content\/uploads\/2025\/07\/Suvi-768x1024.jpg","articleSection":["Ferritiiniarvo","Hyvinvointi","V\u00e4symys"],"inLanguage":"fi","potentialAction":[{"@type":"CommentAction","name":"Comment","target":["https:\/\/www.suvibjorkqvist.fi\/?p=153#respond"]}]},{"@type":"WebPage","@id":"https:\/\/www.suvibjorkqvist.fi\/?p=153","url":"https:\/\/www.suvibjorkqvist.fi\/?p=153","name":"Matala ferritiiniarvo -","isPartOf":{"@id":"https:\/\/www.suvibjorkqvist.fi\/#website"},"primaryImageOfPage":{"@id":"https:\/\/www.suvibjorkqvist.fi\/?p=153#primaryimage"},"image":{"@id":"https:\/\/www.suvibjorkqvist.fi\/?p=153#primaryimage"},"thumbnailUrl":"http:\/\/www.suvibjorkqvist.fi\/wp-content\/uploads\/2025\/07\/Suvi-768x1024.jpg","datePublished":"2025-07-25T05:36:40+00:00","dateModified":"2025-08-03T05:47:02+00:00","author":{"@id":"https:\/\/www.suvibjorkqvist.fi\/#\/schema\/person\/d6488fbfb6bc1f24322092c1330e9bc1"},"breadcrumb":{"@id":"https:\/\/www.suvibjorkqvist.fi\/?p=153#breadcrumb"},"inLanguage":"fi","potentialAction":[{"@type":"ReadAction","target":["https:\/\/www.suvibjorkqvist.fi\/?p=153"]}]},{"@type":"ImageObject","inLanguage":"fi","@id":"https:\/\/www.suvibjorkqvist.fi\/?p=153#primaryimage","url":"https:\/\/www.suvibjorkqvist.fi\/wp-content\/uploads\/2025\/07\/Suvi-scaled.jpg","contentUrl":"https:\/\/www.suvibjorkqvist.fi\/wp-content\/uploads\/2025\/07\/Suvi-scaled.jpg","width":1920,"height":2560},{"@type":"BreadcrumbList","@id":"https:\/\/www.suvibjorkqvist.fi\/?p=153#breadcrumb","itemListElement":[{"@type":"ListItem","position":1,"name":"Etusivu","item":"https:\/\/www.suvibjorkqvist.fi\/"},{"@type":"ListItem","position":2,"name":"Matala ferritiiniarvo"}]},{"@type":"WebSite","@id":"https:\/\/www.suvibjorkqvist.fi\/#website","url":"https:\/\/www.suvibjorkqvist.fi\/","name":"Suvi B","description":"","potentialAction":[{"@type":"SearchAction","target":{"@type":"EntryPoint","urlTemplate":"https:\/\/www.suvibjorkqvist.fi\/?s={search_term_string}"},"query-input":{"@type":"PropertyValueSpecification","valueRequired":true,"valueName":"search_term_string"}}],"inLanguage":"fi"},{"@type":"Person","@id":"https:\/\/www.suvibjorkqvist.fi\/#\/schema\/person\/d6488fbfb6bc1f24322092c1330e9bc1","name":"admin","image":{"@type":"ImageObject","inLanguage":"fi","@id":"https:\/\/secure.gravatar.com\/avatar\/e9de7b9781bac6fb17fa81fb1558ce29073024ed437bf6fe606b087bc6c2d096?s=96&d=blank&r=g","url":"https:\/\/secure.gravatar.com\/avatar\/e9de7b9781bac6fb17fa81fb1558ce29073024ed437bf6fe606b087bc6c2d096?s=96&d=blank&r=g","contentUrl":"https:\/\/secure.gravatar.com\/avatar\/e9de7b9781bac6fb17fa81fb1558ce29073024ed437bf6fe606b087bc6c2d096?s=96&d=blank&r=g","caption":"admin"},"sameAs":["http:\/\/www.suvibjorkqvist.fi"],"url":"https:\/\/www.suvibjorkqvist.fi\/?author=1"}]}},"_links":{"self":[{"href":"https:\/\/www.suvibjorkqvist.fi\/index.php?rest_route=\/wp\/v2\/posts\/153","targetHints":{"allow":["GET"]}}],"collection":[{"href":"https:\/\/www.suvibjorkqvist.fi\/index.php?rest_route=\/wp\/v2\/posts"}],"about":[{"href":"https:\/\/www.suvibjorkqvist.fi\/index.php?rest_route=\/wp\/v2\/types\/post"}],"author":[{"embeddable":true,"href":"https:\/\/www.suvibjorkqvist.fi\/index.php?rest_route=\/wp\/v2\/users\/1"}],"replies":[{"embeddable":true,"href":"https:\/\/www.suvibjorkqvist.fi\/index.php?rest_route=%2Fwp%2Fv2%2Fcomments&post=153"}],"version-history":[{"count":1,"href":"https:\/\/www.suvibjorkqvist.fi\/index.php?rest_route=\/wp\/v2\/posts\/153\/revisions"}],"predecessor-version":[{"id":155,"href":"https:\/\/www.suvibjorkqvist.fi\/index.php?rest_route=\/wp\/v2\/posts\/153\/revisions\/155"}],"wp:attachment":[{"href":"https:\/\/www.suvibjorkqvist.fi\/index.php?rest_route=%2Fwp%2Fv2%2Fmedia&parent=153"}],"wp:term":[{"taxonomy":"category","embeddable":true,"href":"https:\/\/www.suvibjorkqvist.fi\/index.php?rest_route=%2Fwp%2Fv2%2Fcategories&post=153"},{"taxonomy":"post_tag","embeddable":true,"href":"https:\/\/www.suvibjorkqvist.fi\/index.php?rest_route=%2Fwp%2Fv2%2Ftags&post=153"}],"curies":[{"name":"wp","href":"https:\/\/api.w.org\/{rel}","templated":true}]}}