{"id":170,"date":"2025-07-31T04:48:36","date_gmt":"2025-07-31T04:48:36","guid":{"rendered":"https:\/\/www.suvibjorkqvist.fi\/?p=170"},"modified":"2025-08-04T06:19:56","modified_gmt":"2025-08-04T03:19:56","slug":"kesan-pohdinnat-omasta-tyosta","status":"publish","type":"post","link":"https:\/\/www.suvibjorkqvist.fi\/?p=170","title":{"rendered":"Kes\u00e4n pohdinnat omasta ty\u00f6st\u00e4"},"content":{"rendered":"\n<figure class=\"wp-block-image size-large\"><img loading=\"lazy\" decoding=\"async\" width=\"768\" height=\"1024\" src=\"http:\/\/www.suvibjorkqvist.fi\/wp-content\/uploads\/2025\/07\/kesanpohdinnat2-768x1024.jpg\" alt=\"\" class=\"wp-image-173\" srcset=\"https:\/\/www.suvibjorkqvist.fi\/wp-content\/uploads\/2025\/07\/kesanpohdinnat2-768x1024.jpg 768w, https:\/\/www.suvibjorkqvist.fi\/wp-content\/uploads\/2025\/07\/kesanpohdinnat2-225x300.jpg 225w, https:\/\/www.suvibjorkqvist.fi\/wp-content\/uploads\/2025\/07\/kesanpohdinnat2-1152x1536.jpg 1152w, https:\/\/www.suvibjorkqvist.fi\/wp-content\/uploads\/2025\/07\/kesanpohdinnat2-1536x2048.jpg 1536w, https:\/\/www.suvibjorkqvist.fi\/wp-content\/uploads\/2025\/07\/kesanpohdinnat2-1200x1600.jpg 1200w, https:\/\/www.suvibjorkqvist.fi\/wp-content\/uploads\/2025\/07\/kesanpohdinnat2-scaled.jpg 1920w\" sizes=\"auto, (max-width: 709px) 85vw, (max-width: 909px) 67vw, (max-width: 984px) 61vw, (max-width: 1362px) 45vw, 600px\" \/><\/figure>\n\n\n\n<p>Ty\u00f6skentelen t\u00e4ll\u00e4 hetkell\u00e4 projektip\u00e4\u00e4llikk\u00f6n\u00e4 Toimiva ry:n <a href=\"https:\/\/versot.toimiva.fi\/\">Versot-hankkeessa<\/a> ja riippuvuusasiantuntijana <a href=\"https:\/\/ahky.fi\/\">\u00c4hky-toiminnassa<\/a>. Kohta yhdeks\u00e4n vuotta j\u00e4rjest\u00f6kent\u00e4ll\u00e4 ty\u00f6t\u00e4 tehneen\u00e4 olen jo tottunut siihen, ett\u00e4 hankkeet kest\u00e4v\u00e4t aikansa, ja sitten tulevaisuus t\u00f6iden osalta on ep\u00e4varmaa.<\/p>\n\n\n\n<p>Nyt tilanne on kuitenkin entist\u00e4kin ep\u00e4varmempi, koska hallitus leikkaa j\u00e4rjest\u00f6kent\u00e4n rahoituksia valtavasti, ja monella meist\u00e4 ty\u00f6t p\u00e4\u00e4ttyv\u00e4t kokonaan (puhumattakaan siit\u00e4, kuinka moni haavoittuvassa asemassa oleva j\u00e4\u00e4 tulevaisuudessa vaille tarvitsemaansa apua ja tukea !) . Nyt k\u00e4ynniss\u00e4 oleville hankkeille ei my\u00f6nnet\u00e4 en\u00e4\u00e4 jatkoavustuksia eik\u00e4 uusillekaan kuin pieni murto-osa aiemmasta. Teen viel\u00e4 vuoden loppuun 100% ty\u00f6aikaa, mutta ensi vuosi on suuri kysymysmerkki. Jatkuuko ty\u00f6t esimerkiksi vain pienell\u00e4 ty\u00f6aikaprosentilla?<\/p>\n\n\n\n<p>Vaikka kes\u00e4lomalla olenkin p\u00e4\u00e4ssyt arjesta hyvin irti, ja tehnyt paljon kivoja kes\u00e4lomajuttuja (edelt\u00e4 l\u00f6ytyy n\u00e4ist\u00e4 postauksia), niin my\u00f6s tulevaisuus on k\u00e4ynyt mieless\u00e4. Saanko tulevaisuudessakin tehd\u00e4 itselleni merkityksellist\u00e4 ty\u00f6t\u00e4 p\u00e4ihde- ja ruokariippuvuuksista k\u00e4rsivien auttamiseksi? Ohjata ryhmi\u00e4 riippuvuuksista k\u00e4rsiville, kouluttaa sote-alan ammattilaisia, tehd\u00e4 kehitt\u00e4misty\u00f6t\u00e4 jne. Toivon hartaasti n\u00e4in! <\/p>\n\n\n\n<figure class=\"wp-block-image size-large\"><img loading=\"lazy\" decoding=\"async\" width=\"768\" height=\"1024\" src=\"http:\/\/www.suvibjorkqvist.fi\/wp-content\/uploads\/2025\/07\/Kesan-pohdinnat-768x1024.jpg\" alt=\"\" class=\"wp-image-171\" srcset=\"https:\/\/www.suvibjorkqvist.fi\/wp-content\/uploads\/2025\/07\/Kesan-pohdinnat-768x1024.jpg 768w, https:\/\/www.suvibjorkqvist.fi\/wp-content\/uploads\/2025\/07\/Kesan-pohdinnat-225x300.jpg 225w, https:\/\/www.suvibjorkqvist.fi\/wp-content\/uploads\/2025\/07\/Kesan-pohdinnat-1152x1536.jpg 1152w, https:\/\/www.suvibjorkqvist.fi\/wp-content\/uploads\/2025\/07\/Kesan-pohdinnat-1536x2048.jpg 1536w, https:\/\/www.suvibjorkqvist.fi\/wp-content\/uploads\/2025\/07\/Kesan-pohdinnat-1200x1600.jpg 1200w, https:\/\/www.suvibjorkqvist.fi\/wp-content\/uploads\/2025\/07\/Kesan-pohdinnat-scaled.jpg 1920w\" sizes=\"auto, (max-width: 709px) 85vw, (max-width: 909px) 67vw, (max-width: 984px) 61vw, (max-width: 1362px) 45vw, 600px\" \/><\/figure>\n\n\n\n<p><strong>Taustaani liittyen ty\u00f6h\u00f6ni, opiskeluihini ja kokemusasiantuntijuuteeni:<\/strong><\/p>\n\n\n\n<p><strong>Ty\u00f6ni<\/strong><\/p>\n\n\n\n<ul class=\"wp-block-list\">\n<li>Projektip\u00e4\u00e4llikk\u00f6, Versot-hanke, Toimiva ry. Apua ja tukea sosiaali- ja terveysalan ammattilaisille, joilla itsell\u00e4\u00e4n tai joiden l\u00e4heisell\u00e4 on p\u00e4ihdeongelma<\/li>\n<\/ul>\n\n\n\n<ul class=\"wp-block-list\">\n<li>Riippuvuusasiantuntija, \u00c4hky-toiminta, Toimiva ry. Tietoa, tukea ja keinoja hallitsemattomasta sy\u00f6misest\u00e4 ja ruokariippuvuudesta toipumiseen<\/li>\n<\/ul>\n\n\n\n<p><strong>Saamani tunnustus<\/strong><\/p>\n\n\n\n<ul class=\"wp-block-list\">\n<li>Vuoden p\u00e4ihdesairaanhoitaja 2024<\/li>\n<\/ul>\n\n\n\n<p><strong>Ty\u00f6kokemukseni<\/strong><\/p>\n\n\n\n<ul class=\"wp-block-list\">\n<li>Sairaanhoitaja 13 vuotta Jyv\u00e4skyl\u00e4n kaupungin terveysasemilla<\/li>\n<\/ul>\n\n\n\n<ul class=\"wp-block-list\">\n<li>J\u00e4rjest\u00f6ty\u00f6ss\u00e4 vuodesta 2016. Vankka kokemus hanke- ja kehitt\u00e4misty\u00f6st\u00e4, sote-alan ammattilaisten kouluttamisesta ja riippuvuuksista toipuvien ja l\u00e4heisten ryhmien ohjauksesta<\/li>\n<\/ul>\n\n\n\n<p><strong>Omakohtainen kokemukseni<\/strong><\/p>\n\n\n\n<ul class=\"wp-block-list\">\n<li>Nuoruuden alkoholiriippuvuus (opiskelut ja ty\u00f6t hoituivat, mutta vapaa-aikaa v\u00e4ritti humalahakuinen juominen). Toipuminen k\u00e4ynnistyi vertaistuen piiriin p\u00e4\u00e4syll\u00e4 vuonna 2004. Yht\u00e4jaksoista raittiutta yli 18 vuotta.&nbsp;<\/li>\n<\/ul>\n\n\n\n<ul class=\"wp-block-list\">\n<li>L\u00e4heiskokemus alkoholiriippuvuudesta<\/li>\n<\/ul>\n\n\n\n<p><strong>Syd\u00e4nt\u00e4ni l\u00e4hell\u00e4<\/strong><\/p>\n\n\n\n<ul class=\"wp-block-list\">\n<li>Tiedon lis\u00e4\u00e4minen alkoholiongelmien ja riippuvuuksien ennaltaehk\u00e4isyst\u00e4, varhaisesta tunnistamisesta, avun hakemisesta, vertaistuesta, toipumisesta &amp; raittiina el\u00e4misest\u00e4<\/li>\n<\/ul>\n\n\n\n<ul class=\"wp-block-list\">\n<li>Hyvinvointi- ja terveysaiheet<\/li>\n<\/ul>\n\n\n\n<p><strong>Tutkintoni ja lis\u00e4opintoni<\/strong><\/p>\n\n\n\n<ul class=\"wp-block-list\">\n<li>Sairaanhoitaja AMK, JAMK<\/li>\n<\/ul>\n\n\n\n<ul class=\"wp-block-list\">\n<li>Sairaanhoitaja YAMK, Kliininen asiantuntija, mielenterveys ja p\u00e4ihdety\u00f6, JAMK<\/li>\n<\/ul>\n\n\n\n<ul class=\"wp-block-list\">\n<li>Tuotekehitysty\u00f6n erikoisammattitutkinto, p\u00e4ihdehoitoty\u00f6, Verutum ja P\u00e4ihdel\u00e4\u00e4ketieteen yhdistys<\/li>\n<\/ul>\n\n\n\n<ul class=\"wp-block-list\">\n<li>Addiktiot, yksil\u00f6 ja yhteiskunta, t\u00e4ydennyskoulutus, Tampereen yliopisto<\/li>\n<\/ul>\n\n\n\n<ul class=\"wp-block-list\">\n<li>Joustava mieli ammattilaisille (hyv\u00e4ksymis- ja omistautumisterapian menetelm\u00e4t), t\u00e4ydennyskoulutus, Hogrefe<\/li>\n<\/ul>\n\n\n\n<ul class=\"wp-block-list\">\n<li>Sairaanhoitajan rajatun l\u00e4\u00e4kkeenm\u00e4\u00e4r\u00e4\u00e4misen erikoisp\u00e4tevyys, JAMK<\/li>\n<\/ul>\n\n\n\n<ul class=\"wp-block-list\">\n<li>Laajavastuinen hoitoty\u00f6 perusterveydenhuollossa, ammatilliset erikoistumisopinnot, JAMK<\/li>\n<\/ul>\n\n\n\n<ul class=\"wp-block-list\">\n<li>Ik\u00e4\u00e4ntyneen toimintakyky\u00e4 tukeva ryhm\u00e4toiminta, t\u00e4ydennyskoulutus, Metropolia<\/li>\n<\/ul>\n\n\n\n<p><strong>Ps<\/strong>. Olen kes\u00e4n aikana pohtinut my\u00f6s, ett\u00e4 kokemusasiantuntijan teht\u00e4v\u00e4t (liittyen alkoholiriippuvuuteen, toipumiseen, raittiuteen ja sy\u00f6misen haasteisiin), voisivat tulevaisuudessa kiinnostaa, kombona ammattillisen osaamisen kanssa.<\/p>\n\n\n\n<p><\/p>\n","protected":false},"excerpt":{"rendered":"<p>Ty\u00f6skentelen t\u00e4ll\u00e4 hetkell\u00e4 projektip\u00e4\u00e4llikk\u00f6n\u00e4 Toimiva ry:n Versot-hankkeessa ja riippuvuusasiantuntijana \u00c4hky-toiminnassa. Kohta yhdeks\u00e4n vuotta j\u00e4rjest\u00f6kent\u00e4ll\u00e4 ty\u00f6t\u00e4 tehneen\u00e4 olen jo tottunut siihen, ett\u00e4 hankkeet kest\u00e4v\u00e4t aikansa, ja sitten tulevaisuus t\u00f6iden osalta on ep\u00e4varmaa. Nyt tilanne on kuitenkin entist\u00e4kin ep\u00e4varmempi, koska hallitus leikkaa j\u00e4rjest\u00f6kent\u00e4n rahoituksia valtavasti, ja monella meist\u00e4 ty\u00f6t p\u00e4\u00e4ttyv\u00e4t kokonaan (puhumattakaan siit\u00e4, kuinka moni haavoittuvassa asemassa &hellip; <a href=\"https:\/\/www.suvibjorkqvist.fi\/?p=170\" class=\"more-link\">Jatka lukemista<span class=\"screen-reader-text\"> &#8221;Kes\u00e4n pohdinnat omasta ty\u00f6st\u00e4&#8221;<\/span><\/a><\/p>\n","protected":false},"author":1,"featured_media":0,"comment_status":"open","ping_status":"open","sticky":false,"template":"","format":"standard","meta":{"footnotes":""},"categories":[47,46],"tags":[],"class_list":["post-170","post","type-post","status-publish","format-standard","hentry","category-koulutus","category-tyo"],"yoast_head":"<!-- This site is optimized with the Yoast SEO plugin v27.4 - https:\/\/yoast.com\/product\/yoast-seo-wordpress\/ -->\n<title>Kes\u00e4n pohdinnat omasta ty\u00f6st\u00e4 -<\/title>\n<meta name=\"robots\" content=\"index, follow, max-snippet:-1, max-image-preview:large, max-video-preview:-1\" \/>\n<link rel=\"canonical\" href=\"https:\/\/www.suvibjorkqvist.fi\/?p=170\" \/>\n<meta property=\"og:locale\" content=\"fi_FI\" \/>\n<meta property=\"og:type\" content=\"article\" \/>\n<meta property=\"og:title\" content=\"Kes\u00e4n pohdinnat omasta ty\u00f6st\u00e4 -\" \/>\n<meta property=\"og:description\" content=\"Ty\u00f6skentelen t\u00e4ll\u00e4 hetkell\u00e4 projektip\u00e4\u00e4llikk\u00f6n\u00e4 Toimiva ry:n Versot-hankkeessa ja riippuvuusasiantuntijana \u00c4hky-toiminnassa. Kohta yhdeks\u00e4n vuotta j\u00e4rjest\u00f6kent\u00e4ll\u00e4 ty\u00f6t\u00e4 tehneen\u00e4 olen jo tottunut siihen, ett\u00e4 hankkeet kest\u00e4v\u00e4t aikansa, ja sitten tulevaisuus t\u00f6iden osalta on ep\u00e4varmaa. Nyt tilanne on kuitenkin entist\u00e4kin ep\u00e4varmempi, koska hallitus leikkaa j\u00e4rjest\u00f6kent\u00e4n rahoituksia valtavasti, ja monella meist\u00e4 ty\u00f6t p\u00e4\u00e4ttyv\u00e4t kokonaan (puhumattakaan siit\u00e4, kuinka moni haavoittuvassa asemassa &hellip; Jatka lukemista &quot;Kes\u00e4n pohdinnat omasta ty\u00f6st\u00e4&quot;\" \/>\n<meta property=\"og:url\" content=\"https:\/\/www.suvibjorkqvist.fi\/?p=170\" \/>\n<meta property=\"article:published_time\" content=\"2025-07-31T04:48:36+00:00\" \/>\n<meta property=\"article:modified_time\" content=\"2025-08-04T03:19:56+00:00\" \/>\n<meta property=\"og:image\" content=\"http:\/\/www.suvibjorkqvist.fi\/wp-content\/uploads\/2025\/07\/kesanpohdinnat2-768x1024.jpg\" \/>\n<meta name=\"author\" content=\"admin\" \/>\n<meta name=\"twitter:card\" content=\"summary_large_image\" \/>\n<meta name=\"twitter:label1\" content=\"Kirjoittanut\" \/>\n\t<meta name=\"twitter:data1\" content=\"admin\" \/>\n\t<meta name=\"twitter:label2\" content=\"Arvioitu lukuaika\" \/>\n\t<meta name=\"twitter:data2\" content=\"3 minuuttia\" \/>\n<script type=\"application\/ld+json\" class=\"yoast-schema-graph\">{\"@context\":\"https:\\\/\\\/schema.org\",\"@graph\":[{\"@type\":\"Article\",\"@id\":\"https:\\\/\\\/www.suvibjorkqvist.fi\\\/?p=170#article\",\"isPartOf\":{\"@id\":\"https:\\\/\\\/www.suvibjorkqvist.fi\\\/?p=170\"},\"author\":{\"name\":\"admin\",\"@id\":\"https:\\\/\\\/www.suvibjorkqvist.fi\\\/#\\\/schema\\\/person\\\/d6488fbfb6bc1f24322092c1330e9bc1\"},\"headline\":\"Kes\u00e4n pohdinnat omasta ty\u00f6st\u00e4\",\"datePublished\":\"2025-07-31T04:48:36+00:00\",\"dateModified\":\"2025-08-04T03:19:56+00:00\",\"mainEntityOfPage\":{\"@id\":\"https:\\\/\\\/www.suvibjorkqvist.fi\\\/?p=170\"},\"wordCount\":427,\"commentCount\":0,\"image\":{\"@id\":\"https:\\\/\\\/www.suvibjorkqvist.fi\\\/?p=170#primaryimage\"},\"thumbnailUrl\":\"http:\\\/\\\/www.suvibjorkqvist.fi\\\/wp-content\\\/uploads\\\/2025\\\/07\\\/kesanpohdinnat2-768x1024.jpg\",\"articleSection\":[\"Koulutus\",\"Ty\u00f6\"],\"inLanguage\":\"fi\",\"potentialAction\":[{\"@type\":\"CommentAction\",\"name\":\"Comment\",\"target\":[\"https:\\\/\\\/www.suvibjorkqvist.fi\\\/?p=170#respond\"]}]},{\"@type\":\"WebPage\",\"@id\":\"https:\\\/\\\/www.suvibjorkqvist.fi\\\/?p=170\",\"url\":\"https:\\\/\\\/www.suvibjorkqvist.fi\\\/?p=170\",\"name\":\"Kes\u00e4n pohdinnat omasta ty\u00f6st\u00e4 -\",\"isPartOf\":{\"@id\":\"https:\\\/\\\/www.suvibjorkqvist.fi\\\/#website\"},\"primaryImageOfPage\":{\"@id\":\"https:\\\/\\\/www.suvibjorkqvist.fi\\\/?p=170#primaryimage\"},\"image\":{\"@id\":\"https:\\\/\\\/www.suvibjorkqvist.fi\\\/?p=170#primaryimage\"},\"thumbnailUrl\":\"http:\\\/\\\/www.suvibjorkqvist.fi\\\/wp-content\\\/uploads\\\/2025\\\/07\\\/kesanpohdinnat2-768x1024.jpg\",\"datePublished\":\"2025-07-31T04:48:36+00:00\",\"dateModified\":\"2025-08-04T03:19:56+00:00\",\"author\":{\"@id\":\"https:\\\/\\\/www.suvibjorkqvist.fi\\\/#\\\/schema\\\/person\\\/d6488fbfb6bc1f24322092c1330e9bc1\"},\"breadcrumb\":{\"@id\":\"https:\\\/\\\/www.suvibjorkqvist.fi\\\/?p=170#breadcrumb\"},\"inLanguage\":\"fi\",\"potentialAction\":[{\"@type\":\"ReadAction\",\"target\":[\"https:\\\/\\\/www.suvibjorkqvist.fi\\\/?p=170\"]}]},{\"@type\":\"ImageObject\",\"inLanguage\":\"fi\",\"@id\":\"https:\\\/\\\/www.suvibjorkqvist.fi\\\/?p=170#primaryimage\",\"url\":\"https:\\\/\\\/www.suvibjorkqvist.fi\\\/wp-content\\\/uploads\\\/2025\\\/07\\\/kesanpohdinnat2-scaled.jpg\",\"contentUrl\":\"https:\\\/\\\/www.suvibjorkqvist.fi\\\/wp-content\\\/uploads\\\/2025\\\/07\\\/kesanpohdinnat2-scaled.jpg\",\"width\":1920,\"height\":2560},{\"@type\":\"BreadcrumbList\",\"@id\":\"https:\\\/\\\/www.suvibjorkqvist.fi\\\/?p=170#breadcrumb\",\"itemListElement\":[{\"@type\":\"ListItem\",\"position\":1,\"name\":\"Etusivu\",\"item\":\"https:\\\/\\\/www.suvibjorkqvist.fi\\\/\"},{\"@type\":\"ListItem\",\"position\":2,\"name\":\"Kes\u00e4n pohdinnat omasta ty\u00f6st\u00e4\"}]},{\"@type\":\"WebSite\",\"@id\":\"https:\\\/\\\/www.suvibjorkqvist.fi\\\/#website\",\"url\":\"https:\\\/\\\/www.suvibjorkqvist.fi\\\/\",\"name\":\"Suvi B\",\"description\":\"\",\"potentialAction\":[{\"@type\":\"SearchAction\",\"target\":{\"@type\":\"EntryPoint\",\"urlTemplate\":\"https:\\\/\\\/www.suvibjorkqvist.fi\\\/?s={search_term_string}\"},\"query-input\":{\"@type\":\"PropertyValueSpecification\",\"valueRequired\":true,\"valueName\":\"search_term_string\"}}],\"inLanguage\":\"fi\"},{\"@type\":\"Person\",\"@id\":\"https:\\\/\\\/www.suvibjorkqvist.fi\\\/#\\\/schema\\\/person\\\/d6488fbfb6bc1f24322092c1330e9bc1\",\"name\":\"admin\",\"image\":{\"@type\":\"ImageObject\",\"inLanguage\":\"fi\",\"@id\":\"https:\\\/\\\/secure.gravatar.com\\\/avatar\\\/e9de7b9781bac6fb17fa81fb1558ce29073024ed437bf6fe606b087bc6c2d096?s=96&d=blank&r=g\",\"url\":\"https:\\\/\\\/secure.gravatar.com\\\/avatar\\\/e9de7b9781bac6fb17fa81fb1558ce29073024ed437bf6fe606b087bc6c2d096?s=96&d=blank&r=g\",\"contentUrl\":\"https:\\\/\\\/secure.gravatar.com\\\/avatar\\\/e9de7b9781bac6fb17fa81fb1558ce29073024ed437bf6fe606b087bc6c2d096?s=96&d=blank&r=g\",\"caption\":\"admin\"},\"sameAs\":[\"http:\\\/\\\/www.suvibjorkqvist.fi\"],\"url\":\"https:\\\/\\\/www.suvibjorkqvist.fi\\\/?author=1\"}]}<\/script>\n<!-- \/ Yoast SEO plugin. -->","yoast_head_json":{"title":"Kes\u00e4n pohdinnat omasta ty\u00f6st\u00e4 -","robots":{"index":"index","follow":"follow","max-snippet":"max-snippet:-1","max-image-preview":"max-image-preview:large","max-video-preview":"max-video-preview:-1"},"canonical":"https:\/\/www.suvibjorkqvist.fi\/?p=170","og_locale":"fi_FI","og_type":"article","og_title":"Kes\u00e4n pohdinnat omasta ty\u00f6st\u00e4 -","og_description":"Ty\u00f6skentelen t\u00e4ll\u00e4 hetkell\u00e4 projektip\u00e4\u00e4llikk\u00f6n\u00e4 Toimiva ry:n Versot-hankkeessa ja riippuvuusasiantuntijana \u00c4hky-toiminnassa. Kohta yhdeks\u00e4n vuotta j\u00e4rjest\u00f6kent\u00e4ll\u00e4 ty\u00f6t\u00e4 tehneen\u00e4 olen jo tottunut siihen, ett\u00e4 hankkeet kest\u00e4v\u00e4t aikansa, ja sitten tulevaisuus t\u00f6iden osalta on ep\u00e4varmaa. Nyt tilanne on kuitenkin entist\u00e4kin ep\u00e4varmempi, koska hallitus leikkaa j\u00e4rjest\u00f6kent\u00e4n rahoituksia valtavasti, ja monella meist\u00e4 ty\u00f6t p\u00e4\u00e4ttyv\u00e4t kokonaan (puhumattakaan siit\u00e4, kuinka moni haavoittuvassa asemassa &hellip; Jatka lukemista \"Kes\u00e4n pohdinnat omasta ty\u00f6st\u00e4\"","og_url":"https:\/\/www.suvibjorkqvist.fi\/?p=170","article_published_time":"2025-07-31T04:48:36+00:00","article_modified_time":"2025-08-04T03:19:56+00:00","og_image":[{"url":"http:\/\/www.suvibjorkqvist.fi\/wp-content\/uploads\/2025\/07\/kesanpohdinnat2-768x1024.jpg","type":"","width":"","height":""}],"author":"admin","twitter_card":"summary_large_image","twitter_misc":{"Kirjoittanut":"admin","Arvioitu lukuaika":"3 minuuttia"},"schema":{"@context":"https:\/\/schema.org","@graph":[{"@type":"Article","@id":"https:\/\/www.suvibjorkqvist.fi\/?p=170#article","isPartOf":{"@id":"https:\/\/www.suvibjorkqvist.fi\/?p=170"},"author":{"name":"admin","@id":"https:\/\/www.suvibjorkqvist.fi\/#\/schema\/person\/d6488fbfb6bc1f24322092c1330e9bc1"},"headline":"Kes\u00e4n pohdinnat omasta ty\u00f6st\u00e4","datePublished":"2025-07-31T04:48:36+00:00","dateModified":"2025-08-04T03:19:56+00:00","mainEntityOfPage":{"@id":"https:\/\/www.suvibjorkqvist.fi\/?p=170"},"wordCount":427,"commentCount":0,"image":{"@id":"https:\/\/www.suvibjorkqvist.fi\/?p=170#primaryimage"},"thumbnailUrl":"http:\/\/www.suvibjorkqvist.fi\/wp-content\/uploads\/2025\/07\/kesanpohdinnat2-768x1024.jpg","articleSection":["Koulutus","Ty\u00f6"],"inLanguage":"fi","potentialAction":[{"@type":"CommentAction","name":"Comment","target":["https:\/\/www.suvibjorkqvist.fi\/?p=170#respond"]}]},{"@type":"WebPage","@id":"https:\/\/www.suvibjorkqvist.fi\/?p=170","url":"https:\/\/www.suvibjorkqvist.fi\/?p=170","name":"Kes\u00e4n pohdinnat omasta ty\u00f6st\u00e4 -","isPartOf":{"@id":"https:\/\/www.suvibjorkqvist.fi\/#website"},"primaryImageOfPage":{"@id":"https:\/\/www.suvibjorkqvist.fi\/?p=170#primaryimage"},"image":{"@id":"https:\/\/www.suvibjorkqvist.fi\/?p=170#primaryimage"},"thumbnailUrl":"http:\/\/www.suvibjorkqvist.fi\/wp-content\/uploads\/2025\/07\/kesanpohdinnat2-768x1024.jpg","datePublished":"2025-07-31T04:48:36+00:00","dateModified":"2025-08-04T03:19:56+00:00","author":{"@id":"https:\/\/www.suvibjorkqvist.fi\/#\/schema\/person\/d6488fbfb6bc1f24322092c1330e9bc1"},"breadcrumb":{"@id":"https:\/\/www.suvibjorkqvist.fi\/?p=170#breadcrumb"},"inLanguage":"fi","potentialAction":[{"@type":"ReadAction","target":["https:\/\/www.suvibjorkqvist.fi\/?p=170"]}]},{"@type":"ImageObject","inLanguage":"fi","@id":"https:\/\/www.suvibjorkqvist.fi\/?p=170#primaryimage","url":"https:\/\/www.suvibjorkqvist.fi\/wp-content\/uploads\/2025\/07\/kesanpohdinnat2-scaled.jpg","contentUrl":"https:\/\/www.suvibjorkqvist.fi\/wp-content\/uploads\/2025\/07\/kesanpohdinnat2-scaled.jpg","width":1920,"height":2560},{"@type":"BreadcrumbList","@id":"https:\/\/www.suvibjorkqvist.fi\/?p=170#breadcrumb","itemListElement":[{"@type":"ListItem","position":1,"name":"Etusivu","item":"https:\/\/www.suvibjorkqvist.fi\/"},{"@type":"ListItem","position":2,"name":"Kes\u00e4n pohdinnat omasta ty\u00f6st\u00e4"}]},{"@type":"WebSite","@id":"https:\/\/www.suvibjorkqvist.fi\/#website","url":"https:\/\/www.suvibjorkqvist.fi\/","name":"Suvi B","description":"","potentialAction":[{"@type":"SearchAction","target":{"@type":"EntryPoint","urlTemplate":"https:\/\/www.suvibjorkqvist.fi\/?s={search_term_string}"},"query-input":{"@type":"PropertyValueSpecification","valueRequired":true,"valueName":"search_term_string"}}],"inLanguage":"fi"},{"@type":"Person","@id":"https:\/\/www.suvibjorkqvist.fi\/#\/schema\/person\/d6488fbfb6bc1f24322092c1330e9bc1","name":"admin","image":{"@type":"ImageObject","inLanguage":"fi","@id":"https:\/\/secure.gravatar.com\/avatar\/e9de7b9781bac6fb17fa81fb1558ce29073024ed437bf6fe606b087bc6c2d096?s=96&d=blank&r=g","url":"https:\/\/secure.gravatar.com\/avatar\/e9de7b9781bac6fb17fa81fb1558ce29073024ed437bf6fe606b087bc6c2d096?s=96&d=blank&r=g","contentUrl":"https:\/\/secure.gravatar.com\/avatar\/e9de7b9781bac6fb17fa81fb1558ce29073024ed437bf6fe606b087bc6c2d096?s=96&d=blank&r=g","caption":"admin"},"sameAs":["http:\/\/www.suvibjorkqvist.fi"],"url":"https:\/\/www.suvibjorkqvist.fi\/?author=1"}]}},"_links":{"self":[{"href":"https:\/\/www.suvibjorkqvist.fi\/index.php?rest_route=\/wp\/v2\/posts\/170","targetHints":{"allow":["GET"]}}],"collection":[{"href":"https:\/\/www.suvibjorkqvist.fi\/index.php?rest_route=\/wp\/v2\/posts"}],"about":[{"href":"https:\/\/www.suvibjorkqvist.fi\/index.php?rest_route=\/wp\/v2\/types\/post"}],"author":[{"embeddable":true,"href":"https:\/\/www.suvibjorkqvist.fi\/index.php?rest_route=\/wp\/v2\/users\/1"}],"replies":[{"embeddable":true,"href":"https:\/\/www.suvibjorkqvist.fi\/index.php?rest_route=%2Fwp%2Fv2%2Fcomments&post=170"}],"version-history":[{"count":8,"href":"https:\/\/www.suvibjorkqvist.fi\/index.php?rest_route=\/wp\/v2\/posts\/170\/revisions"}],"predecessor-version":[{"id":232,"href":"https:\/\/www.suvibjorkqvist.fi\/index.php?rest_route=\/wp\/v2\/posts\/170\/revisions\/232"}],"wp:attachment":[{"href":"https:\/\/www.suvibjorkqvist.fi\/index.php?rest_route=%2Fwp%2Fv2%2Fmedia&parent=170"}],"wp:term":[{"taxonomy":"category","embeddable":true,"href":"https:\/\/www.suvibjorkqvist.fi\/index.php?rest_route=%2Fwp%2Fv2%2Fcategories&post=170"},{"taxonomy":"post_tag","embeddable":true,"href":"https:\/\/www.suvibjorkqvist.fi\/index.php?rest_route=%2Fwp%2Fv2%2Ftags&post=170"}],"curies":[{"name":"wp","href":"https:\/\/api.w.org\/{rel}","templated":true}]}}